{"id":8612,"date":"2016-05-12T13:42:39","date_gmt":"2016-05-12T11:42:39","guid":{"rendered":"http:\/\/www.laperle.tess5418.odns.fr\/unkategorisiert\/rodin-museum\/"},"modified":"2026-01-14T23:22:02","modified_gmt":"2026-01-14T22:22:02","slug":"rodin-museum","status":"publish","type":"post","link":"https:\/\/www.odeonhotel.fr\/de\/museen-de\/rodin-museum\/","title":{"rendered":"Mus\u00e9e de Cluny"},"content":{"rendered":"\n<div class=\"wp-block-columns is-layout-flex wp-container-core-columns-is-layout-d0b3c9c8 wp-block-columns-is-layout-flex\">\n<div class=\"wp-block-column is-layout-flow wp-block-column-is-layout-flow\" style=\"--col-width:33.33%;flex-basis:33.33%\">\n<p><strong>Museum :<\/strong><\/p>\n\n\n\n<p style=\"margin-top:0;margin-right:0;margin-bottom:0;margin-left:0\">Museum des Mittelalters<\/p>\n\n\n\n<p style=\"margin-top:0;margin-right:0;margin-bottom:0;margin-left:0\"><strong>St\u00fcndlich :<\/strong><\/p>\n\n\n\n<p style=\"margin-top:0;margin-right:0;margin-bottom:0;margin-left:0\">Jeden Tag au\u00dfer Montag von 9:30 bis 18:15 Uhr<\/p>\n\n\n\n<p><strong>Vom Hotel :<\/strong><\/p>\n\n\n\n<p style=\"margin-top:0;margin-right:0;margin-bottom:0;margin-left:0\">500 Meter \u2013 6 Minuten zu Fu\u00df<br\/><\/p>\n\n\n\n<p><strong>Adresse:<\/strong><\/p>\n\n\n\n<p style=\"margin-top:0;margin-right:0;margin-bottom:0;margin-left:0\">28 rue Du Sommerard, 75005 Paris<\/p>\n<\/div>\n\n\n\n<div class=\"wp-block-column is-layout-flow wp-block-column-is-layout-flow\" style=\"--col-width:66.66%;flex-basis:66.66%\">\n<div class=\"wp-block-cover is-light is-style-tw-border-inner\" style=\"min-height:100%;aspect-ratio:unset;\"><img decoding=\"async\" width=\"600\" height=\"400\" sizes=\"(max-width: 799px) 200vw, (max-width: 600px) 100vw, 600px\" class=\"wp-block-cover__image-background wp-image-19837\" alt=\"\" src=\"http:\/\/odeonhotel.fr\/wp-content\/uploads\/2016\/05\/cluny-grand.jpg\" style=\"object-position:75% 91%\" data-object-fit=\"cover\" data-object-position=\"75% 91%\" title=\"\" srcset=\"https:\/\/www.odeonhotel.fr\/wp-content\/uploads\/2016\/05\/cluny-grand.jpg 600w, https:\/\/www.odeonhotel.fr\/wp-content\/uploads\/2016\/05\/cluny-grand-300x200.jpg 300w\" \/><span aria-hidden=\"true\" class=\"wp-block-cover__background has-background-dim-0 has-background-dim\" style=\"background-color:#8b909a\"><\/span><div class=\"wp-block-cover__inner-container has-global-padding is-layout-constrained wp-block-cover-is-layout-constrained\">\n<p class=\"has-text-align-center has-large-font-size\"><\/p>\n\n\n\n<div style=\"height:250px\" aria-hidden=\"true\" class=\"wp-block-spacer\"><\/div>\n<\/div><\/div>\n<\/div>\n<\/div>\n\n<p><strong>Beschreibung :<\/strong><\/p>\n\n<p class=\"has-text-align-justify\" style=\"margin-top:0;margin-right:0;margin-bottom:0;margin-left:0\">Das Mus\u00e9e de Cluny liegt im Herzen von Paris und ist der mittelalterlichen Kunst und Geschichte gewidmet. Es ist in einem gotischen Herrenhaus aus dem 15. Jahrhundert untergebracht, das einst die Residenz der \u00c4bte von Cluny war, und beherbergt auch die Ruinen der alten r\u00f6mischen B\u00e4der. Das Museum ist bekannt f\u00fcr seine beeindruckende Sammlung mittelalterlicher Artefakte, darunter Wandteppiche, Skulpturen, Glasmalereien und illuminierte Handschriften. Das ber\u00fchmteste Exponat ist die Wandteppichserie \u201eDie Dame und das Einhorn\u201c, die die f\u00fcnf Sinne symbolisiert. Die Mischung aus romanischer und gotischer Architektur in Verbindung mit der Kunst macht das Museum zu einem wichtigen Ziel f\u00fcr die Erkundung des Mittelalters in Frankreich.    <\/p>\n\n<p><strong>Link :<\/strong> <a href=\"https:\/\/www.musee-moyenage.fr\/en\/\" target=\"_blank\" rel=\"noopener\">website<\/a><\/p>\n\n<div id=\"OKAYFREEDOM_INJECTED\" style=\"display: none;\"> <\/div>\n\n<div style=\"width: 100%; height: 400px;\">\n  <iframe src=\"https:\/\/www.google.com\/maps?q=Musee+de+cluny,+Paris&#038;output=embed\" frameborder=\"0\" style=\"border:0; width: 100%; height: 100%;\" allowfullscreen=\"\"><\/iframe>\n<\/div>\n\n<div style=\"height:50px\" aria-hidden=\"true\" class=\"wp-block-spacer\"><\/div>\n","protected":false},"excerpt":{"rendered":"<p>Museum : Museum des Mittelalters St\u00fcndlich : Jeden Tag au\u00dfer Montag von 9:30 bis 18:15 Uhr Vom Hotel : 500 Meter \u2013 6 Minuten zu Fu\u00df Adresse: 28 rue Du Sommerard, 75005 Paris Beschreibung : Das Mus\u00e9e de Cluny liegt im Herzen von Paris und ist der mittelalterlichen Kunst und Geschichte gewidmet. Es ist in [&hellip;]<\/p>\n","protected":false},"author":1,"featured_media":24425,"comment_status":"closed","ping_status":"closed","sticky":false,"template":"post-musees","format":"standard","meta":{"footnotes":""},"categories":[409],"tags":[],"class_list":["post-8612","post","type-post","status-publish","format-standard","has-post-thumbnail","hentry","category-museen-de"],"_links":{"self":[{"href":"https:\/\/www.odeonhotel.fr\/de\/wp-json\/wp\/v2\/posts\/8612","targetHints":{"allow":["GET"]}}],"collection":[{"href":"https:\/\/www.odeonhotel.fr\/de\/wp-json\/wp\/v2\/posts"}],"about":[{"href":"https:\/\/www.odeonhotel.fr\/de\/wp-json\/wp\/v2\/types\/post"}],"author":[{"embeddable":true,"href":"https:\/\/www.odeonhotel.fr\/de\/wp-json\/wp\/v2\/users\/1"}],"replies":[{"embeddable":true,"href":"https:\/\/www.odeonhotel.fr\/de\/wp-json\/wp\/v2\/comments?post=8612"}],"version-history":[{"count":5,"href":"https:\/\/www.odeonhotel.fr\/de\/wp-json\/wp\/v2\/posts\/8612\/revisions"}],"predecessor-version":[{"id":24936,"href":"https:\/\/www.odeonhotel.fr\/de\/wp-json\/wp\/v2\/posts\/8612\/revisions\/24936"}],"wp:featuredmedia":[{"embeddable":true,"href":"https:\/\/www.odeonhotel.fr\/de\/wp-json\/wp\/v2\/media\/24425"}],"wp:attachment":[{"href":"https:\/\/www.odeonhotel.fr\/de\/wp-json\/wp\/v2\/media?parent=8612"}],"wp:term":[{"taxonomy":"category","embeddable":true,"href":"https:\/\/www.odeonhotel.fr\/de\/wp-json\/wp\/v2\/categories?post=8612"},{"taxonomy":"post_tag","embeddable":true,"href":"https:\/\/www.odeonhotel.fr\/de\/wp-json\/wp\/v2\/tags?post=8612"}],"curies":[{"name":"wp","href":"https:\/\/api.w.org\/{rel}","templated":true}]}}