{"id":8785,"date":"2016-05-12T13:38:11","date_gmt":"2016-05-12T11:38:11","guid":{"rendered":"http:\/\/www.laperle.tess5418.odns.fr\/unkategorisiert\/der-eiffelturm\/"},"modified":"2026-01-11T23:57:25","modified_gmt":"2026-01-11T22:57:25","slug":"der-eiffelturm","status":"publish","type":"post","link":"https:\/\/www.odeonhotel.fr\/de\/monuments-de\/der-eiffelturm\/","title":{"rendered":"Der Eiffelturm"},"content":{"rendered":"\n<div class=\"wp-block-columns is-layout-flex wp-container-core-columns-is-layout-d0b3c9c8 wp-block-columns-is-layout-flex\">\n<div class=\"wp-block-column is-layout-flow wp-block-column-is-layout-flow\" style=\"--col-width:33.33%;flex-basis:33.33%\">\n<p><strong>Datum der Erstellung :<\/strong><\/p>\n\n\n\n<p style=\"margin-top:0;margin-right:0;margin-bottom:0;margin-left:0\">1887<\/p>\n\n\n\n<p><strong>Preis :<\/strong><\/p>\n\n\n\n<p style=\"margin-top:0;margin-right:0;margin-bottom:0;margin-left:0\">18.10\u20ac pro Person<\/p>\n\n\n\n<p><strong>St\u00fcndlich :<\/strong><\/p>\n\n\n\n<p style=\"margin-top:0;margin-right:0;margin-bottom:0;margin-left:0\">Jeden Tag von 9 Uhr bis Mitternacht<\/p>\n\n\n\n<p><strong>Vom Hotel :<\/strong><\/p>\n\n\n\n<p style=\"margin-top:0;margin-right:0;margin-bottom:0;margin-left:0\">4,5 km &#8211; 65 Minuten zu Fu\u00df &#8211; oder 24 Minuten mit der RER-Linie C von \u201eSaint Michel &#8211; Notre Dame\u201c nach \u201c<br\/>Champ de Mars Eiffelturm\u201c<\/p>\n\n\n\n<p><strong>Adresse:<\/strong><\/p>\n\n\n\n<p style=\"margin-top:0;margin-right:0;margin-bottom:0;margin-left:0\">5 Avenue Anatole France, 75007 Paris<\/p>\n<\/div>\n\n\n\n<div class=\"wp-block-column is-layout-flow wp-block-column-is-layout-flow\" style=\"--col-width:66.66%;flex-basis:66.66%\">\n<div class=\"wp-block-cover is-light is-style-tw-border-inner\" style=\"min-height:100%;aspect-ratio:unset;\"><span aria-hidden=\"true\" class=\"wp-block-cover__background has-background-dim-0 has-background-dim\"><\/span><img decoding=\"async\" width=\"1024\" height=\"683\" sizes=\"(max-width: 799px) 200vw, (max-width: 1024px) 100vw, 1024px\" class=\"wp-block-cover__image-background wp-image-15319\" alt=\"\" src=\"http:\/\/odeonhotel.fr\/wp-content\/uploads\/2023\/10\/Tour-Eiffel-jpg.webp\" data-object-fit=\"cover\" title=\"\" srcset=\"https:\/\/www.odeonhotel.fr\/wp-content\/uploads\/2023\/10\/Tour-Eiffel-jpg.webp 1024w, https:\/\/www.odeonhotel.fr\/wp-content\/uploads\/2023\/10\/Tour-Eiffel-300x200.webp 300w, https:\/\/www.odeonhotel.fr\/wp-content\/uploads\/2023\/10\/Tour-Eiffel-768x512.webp 768w\" \/><div class=\"wp-block-cover__inner-container has-global-padding is-layout-constrained wp-block-cover-is-layout-constrained\">\n<p class=\"has-text-align-center has-large-font-size\"><\/p>\n\n\n\n<div style=\"height:250px\" aria-hidden=\"true\" class=\"wp-block-spacer\"><\/div>\n<\/div><\/div>\n<\/div>\n<\/div>\n\n<p><strong>Beschreibung :<\/strong><\/p>\n\n<p class=\"has-text-align-justify\" style=\"margin-top:0;margin-right:0;margin-bottom:0;margin-left:0\">Willkommen im pr\u00e4chtigen Eiffelturm, dem Wahrzeichen von Paris und einem Wunderwerk der Technik. Stolz erhebt sich dieses eiserne Gitterwerk \u00fcber die Skyline der Stadt und strahlt Eleganz und Charme aus. Beim Erklimmen seiner H\u00f6he bietet sich Ihnen ein Panoramablick auf die Sch\u00f6nheit von Paris, von der Seine bis zu den gro\u00dfen Boulevards. Ob tags\u00fcber, wenn die Stadt voller Leben ist, oder nachts, wenn der Turm den Himmel erhellt, der Eiffelturm ist ein bezauberndes Erlebnis. Halten Sie Erinnerungen fest, lassen Sie sich in den Restaurants verw\u00f6hnen oder genie\u00dfen Sie einfach den Zauber dieses architektonischen Wunders, das die Herzen der ganzen Welt erobert hat.    <\/p>\n\n<p><strong>Link :<\/strong> <a href=\"https:\/\/www.toureiffel.paris\/en\" target=\"_blank\" rel=\"noopener\">website<\/a><\/p>\n\n<div id=\"OKAYFREEDOM_INJECTED\" style=\"display: none;\"> <\/div>\n\n<div style=\"width: 100%; height: 400px;\">\n  <iframe src=\"https:\/\/www.google.com\/maps?q=Eiffel+Tower,+Paris&#038;output=embed\" frameborder=\"0\" style=\"border:0; width: 100%; height: 100%;\" allowfullscreen=\"\"><\/iframe>\n<\/div>\n\n<div style=\"height:50px\" aria-hidden=\"true\" class=\"wp-block-spacer\"><\/div>\n","protected":false},"excerpt":{"rendered":"<p>Datum der Erstellung : 1887 Preis : 18.10\u20ac pro Person St\u00fcndlich : Jeden Tag von 9 Uhr bis Mitternacht Vom Hotel : 4,5 km &#8211; 65 Minuten zu Fu\u00df &#8211; oder 24 Minuten mit der RER-Linie C von \u201eSaint Michel &#8211; Notre Dame\u201c nach \u201cChamp de Mars Eiffelturm\u201c Adresse: 5 Avenue Anatole France, 75007 Paris [&hellip;]<\/p>\n","protected":false},"author":1,"featured_media":24401,"comment_status":"closed","ping_status":"closed","sticky":false,"template":"post-monuments","format":"standard","meta":{"footnotes":""},"categories":[401],"tags":[],"class_list":["post-8785","post","type-post","status-publish","format-standard","has-post-thumbnail","hentry","category-monuments-de"],"_links":{"self":[{"href":"https:\/\/www.odeonhotel.fr\/de\/wp-json\/wp\/v2\/posts\/8785","targetHints":{"allow":["GET"]}}],"collection":[{"href":"https:\/\/www.odeonhotel.fr\/de\/wp-json\/wp\/v2\/posts"}],"about":[{"href":"https:\/\/www.odeonhotel.fr\/de\/wp-json\/wp\/v2\/types\/post"}],"author":[{"embeddable":true,"href":"https:\/\/www.odeonhotel.fr\/de\/wp-json\/wp\/v2\/users\/1"}],"replies":[{"embeddable":true,"href":"https:\/\/www.odeonhotel.fr\/de\/wp-json\/wp\/v2\/comments?post=8785"}],"version-history":[{"count":2,"href":"https:\/\/www.odeonhotel.fr\/de\/wp-json\/wp\/v2\/posts\/8785\/revisions"}],"predecessor-version":[{"id":20436,"href":"https:\/\/www.odeonhotel.fr\/de\/wp-json\/wp\/v2\/posts\/8785\/revisions\/20436"}],"wp:featuredmedia":[{"embeddable":true,"href":"https:\/\/www.odeonhotel.fr\/de\/wp-json\/wp\/v2\/media\/24401"}],"wp:attachment":[{"href":"https:\/\/www.odeonhotel.fr\/de\/wp-json\/wp\/v2\/media?parent=8785"}],"wp:term":[{"taxonomy":"category","embeddable":true,"href":"https:\/\/www.odeonhotel.fr\/de\/wp-json\/wp\/v2\/categories?post=8785"},{"taxonomy":"post_tag","embeddable":true,"href":"https:\/\/www.odeonhotel.fr\/de\/wp-json\/wp\/v2\/tags?post=8785"}],"curies":[{"name":"wp","href":"https:\/\/api.w.org\/{rel}","templated":true}]}}