{"id":8835,"date":"2016-05-12T13:42:27","date_gmt":"2016-05-12T11:42:27","guid":{"rendered":"http:\/\/www.laperle.tess5418.odns.fr\/unkategorisiert\/quai-branly-museum\/"},"modified":"2026-01-14T23:31:32","modified_gmt":"2026-01-14T22:31:32","slug":"quai-branly-museum","status":"publish","type":"post","link":"https:\/\/www.odeonhotel.fr\/de\/museen-de\/quai-branly-museum\/","title":{"rendered":"Quai Branly Museum"},"content":{"rendered":"\n<div class=\"wp-block-columns is-layout-flex wp-container-core-columns-is-layout-d0b3c9c8 wp-block-columns-is-layout-flex\">\n<div class=\"wp-block-column is-layout-flow wp-block-column-is-layout-flow\" style=\"--col-width:33.33%;flex-basis:33.33%\">\n<p><strong>Museum :<\/strong><\/p>\n\n\n\n<p style=\"margin-top:0;margin-right:0;margin-bottom:0;margin-left:0\">Primitive K\u00fcnste<\/p>\n\n\n\n<p><strong>Etwas Besonderes :<\/strong><\/p>\n\n\n\n<p style=\"margin-top:0;margin-right:0;margin-bottom:0;margin-left:0\">Die gr\u00fcne Wand und der Blick auf den Eiffelturm von der Terrasse aus<\/p>\n\n\n\n<p><strong>St\u00fcndlich :<\/strong><\/p>\n\n\n\n<p style=\"margin-top:0;margin-right:0;margin-bottom:0;margin-left:0\">T\u00e4glich au\u00dfer montags, von 11:00 bis 19:00 Uhr<\/p>\n\n\n\n<p><strong>Vom Hotel :<\/strong><\/p>\n\n\n\n<p style=\"margin-top:0;margin-right:0;margin-bottom:0;margin-left:0\">3,3 km \u2013 42 Minuten zu Fu\u00df oder 22 Minuten mit dem Bus 63 ab \u201eSeine Buci\u201c<br\/><\/p>\n\n\n\n<p><strong>Adresse:<\/strong><\/p>\n\n\n\n<p style=\"margin-top:0;margin-right:0;margin-bottom:0;margin-left:0\">37 quai Branly, 75007 Paris<\/p>\n<\/div>\n\n\n\n<div class=\"wp-block-column is-layout-flow wp-block-column-is-layout-flow\" style=\"--col-width:66.66%;flex-basis:66.66%\">\n<div class=\"wp-block-cover is-style-tw-border-inner\" style=\"min-height:100%;aspect-ratio:unset;\"><img decoding=\"async\" width=\"2048\" height=\"1363\" sizes=\"(max-width: 799px) 200vw, (max-width: 2048px) 100vw, 2048px\" class=\"wp-block-cover__image-background wp-image-15359\" alt=\"\" src=\"http:\/\/odeonhotel.fr\/wp-content\/uploads\/2023\/10\/musee-quai-branly.jpg\" style=\"object-position:40% 48%\" data-object-fit=\"cover\" data-object-position=\"40% 48%\" title=\"\" srcset=\"https:\/\/www.odeonhotel.fr\/wp-content\/uploads\/2023\/10\/musee-quai-branly.jpg 2048w, https:\/\/www.odeonhotel.fr\/wp-content\/uploads\/2023\/10\/musee-quai-branly-300x200.webp 300w, https:\/\/www.odeonhotel.fr\/wp-content\/uploads\/2023\/10\/musee-quai-branly-1024x682.webp 1024w, https:\/\/www.odeonhotel.fr\/wp-content\/uploads\/2023\/10\/musee-quai-branly-768x511.webp 768w, https:\/\/www.odeonhotel.fr\/wp-content\/uploads\/2023\/10\/musee-quai-branly-1536x1022.webp 1536w\" \/><span aria-hidden=\"true\" class=\"wp-block-cover__background has-background-dim-0 has-background-dim\"><\/span><div class=\"wp-block-cover__inner-container has-global-padding is-layout-constrained wp-block-cover-is-layout-constrained\">\n<p class=\"has-text-align-center has-large-font-size\"><\/p>\n\n\n\n<div style=\"height:250px\" aria-hidden=\"true\" class=\"wp-block-spacer\"><\/div>\n<\/div><\/div>\n<\/div>\n<\/div>\n\n<p><strong>Beschreibung :<\/strong><\/p>\n\n<p class=\"has-text-align-justify\" style=\"margin-top:0;margin-right:0;margin-bottom:0;margin-left:0\">Begeben Sie sich auf eine kulturelle Entdeckungsreise im Museum Quai Branly, einer faszinierenden Hommage an die Kunst und Zivilisationen Afrikas, Asiens, Ozeaniens und Amerikas. Dieses architektonische Juwel an der Seine beherbergt eine reiche und vielf\u00e4ltige Sammlung einheimischer Kunstwerke, Skulpturen, Textilien und Artefakte. Erforschen Sie die ineinander greifenden Erz\u00e4hlungen verschiedener Kulturen und tauchen Sie ein in ihre Rituale, Traditionen und k\u00fcnstlerischen Ausdrucksformen. Die eindrucksvollen Ausstellungen des Museums und die zum Nachdenken anregenden Pr\u00e4sentationen bieten eine einzigartige Perspektive auf das kulturelle Erbe der Welt. Das Quai Branly Museum zelebriert die Vielfalt, f\u00f6rdert das interkulturelle Verst\u00e4ndnis und die Wertsch\u00e4tzung und l\u00e4dt die Besucher ein, ihren Horizont zu erweitern und sich mit der Sch\u00f6nheit und Komplexit\u00e4t der globalen Kulturen auseinanderzusetzen.    <\/p>\n\n<p><strong>Link :<\/strong> <a href=\"https:\/\/www.quaibranly.fr\/fr\/billetterie?gclid=CjwKCAjwvdajBhBEEiwAeMh1U55VFDvJ6ksKr_15b3ixzoBmPTosvufHXFfsxb-yVzDMCrGWZppHqRoCzCMQAvD_BwE\" target=\"_blank\" rel=\"noopener\">website<\/a><\/p>\n\n<div style=\"width: 100%; height: 400px;\">\n  <iframe src=\"https:\/\/www.google.com\/maps?q=Quai+Branly+Museum,+Paris&#038;output=embed\" frameborder=\"0\" style=\"border:0; width: 100%; height: 100%;\" allowfullscreen=\"\"><\/iframe>\n<\/div>\n\n<div style=\"height:50px\" aria-hidden=\"true\" class=\"wp-block-spacer\"><\/div>\n","protected":false},"excerpt":{"rendered":"<p>Museum : Primitive K\u00fcnste Etwas Besonderes : Die gr\u00fcne Wand und der Blick auf den Eiffelturm von der Terrasse aus St\u00fcndlich : T\u00e4glich au\u00dfer montags, von 11:00 bis 19:00 Uhr Vom Hotel : 3,3 km \u2013 42 Minuten zu Fu\u00df oder 22 Minuten mit dem Bus 63 ab \u201eSeine Buci\u201c Adresse: 37 quai Branly, 75007 [&hellip;]<\/p>\n","protected":false},"author":1,"featured_media":24457,"comment_status":"closed","ping_status":"closed","sticky":false,"template":"post-musees","format":"standard","meta":{"footnotes":""},"categories":[409],"tags":[],"class_list":["post-8835","post","type-post","status-publish","format-standard","has-post-thumbnail","hentry","category-museen-de"],"_links":{"self":[{"href":"https:\/\/www.odeonhotel.fr\/de\/wp-json\/wp\/v2\/posts\/8835","targetHints":{"allow":["GET"]}}],"collection":[{"href":"https:\/\/www.odeonhotel.fr\/de\/wp-json\/wp\/v2\/posts"}],"about":[{"href":"https:\/\/www.odeonhotel.fr\/de\/wp-json\/wp\/v2\/types\/post"}],"author":[{"embeddable":true,"href":"https:\/\/www.odeonhotel.fr\/de\/wp-json\/wp\/v2\/users\/1"}],"replies":[{"embeddable":true,"href":"https:\/\/www.odeonhotel.fr\/de\/wp-json\/wp\/v2\/comments?post=8835"}],"version-history":[{"count":3,"href":"https:\/\/www.odeonhotel.fr\/de\/wp-json\/wp\/v2\/posts\/8835\/revisions"}],"predecessor-version":[{"id":24946,"href":"https:\/\/www.odeonhotel.fr\/de\/wp-json\/wp\/v2\/posts\/8835\/revisions\/24946"}],"wp:featuredmedia":[{"embeddable":true,"href":"https:\/\/www.odeonhotel.fr\/de\/wp-json\/wp\/v2\/media\/24457"}],"wp:attachment":[{"href":"https:\/\/www.odeonhotel.fr\/de\/wp-json\/wp\/v2\/media?parent=8835"}],"wp:term":[{"taxonomy":"category","embeddable":true,"href":"https:\/\/www.odeonhotel.fr\/de\/wp-json\/wp\/v2\/categories?post=8835"},{"taxonomy":"post_tag","embeddable":true,"href":"https:\/\/www.odeonhotel.fr\/de\/wp-json\/wp\/v2\/tags?post=8835"}],"curies":[{"name":"wp","href":"https:\/\/api.w.org\/{rel}","templated":true}]}}