{"id":8488,"date":"2016-05-12T13:47:19","date_gmt":"2016-05-12T11:47:19","guid":{"rendered":"http:\/\/www.laperle.tess5418.odns.fr\/sin-categorizar\/jardin-de-luxemburgo\/"},"modified":"2026-01-16T17:01:09","modified_gmt":"2026-01-16T16:01:09","slug":"jardin-de-luxemburgo","status":"publish","type":"post","link":"https:\/\/www.odeonhotel.fr\/es\/bienestar-es\/jardin-de-luxemburgo\/","title":{"rendered":"Jard\u00edn de Luxemburgo"},"content":{"rendered":"\n<div class=\"wp-block-columns is-layout-flex wp-container-core-columns-is-layout-d0b3c9c8 wp-block-columns-is-layout-flex\">\n<div class=\"wp-block-column is-layout-flow wp-block-column-is-layout-flow\" style=\"--col-width:33.33%;flex-basis:33.33%\">\n<p><strong>Bienestar :<\/strong><\/p>\n\n\n\n<p style=\"margin-top:0;margin-right:0;margin-bottom:0;margin-left:0\">Jard\u00edn<\/p>\n\n\n\n<p><strong>Precio :<\/strong><\/p>\n\n\n\n<p style=\"margin-top:0;margin-right:0;margin-bottom:0;margin-left:0\">Gratis<\/p>\n\n\n\n<p><strong>Algo especial :<\/strong><\/p>\n\n\n\n<p style=\"margin-top:0;margin-right:0;margin-bottom:0;margin-left:0\">Distancia corriendo desde el hotel<\/p>\n\n\n\n<p><strong>por hora:<\/strong><\/p>\n\n\n\n<p style=\"margin-top:0;margin-right:0;margin-bottom:0;margin-left:0\">Todos los d\u00edas de 7:30 am a 8:00 pm \/ tambi\u00e9n dependiendo del per\u00edodo del a\u00f1o<\/p>\n\n\n\n<p><strong>Desde el hotel :<\/strong><\/p>\n\n\n\n<p style=\"margin-top:0;margin-right:0;margin-bottom:0;margin-left:0\">500 metros \u2013 6 minutos a pie<br\/><\/p>\n\n\n\n<p><strong>Direcci\u00f3n :<\/strong><\/p>\n\n\n\n<p style=\"margin-top:0;margin-right:0;margin-bottom:0;margin-left:0\">Jardin du Luxembourg, 75006 Paris<\/p>\n<\/div>\n\n\n\n<div class=\"wp-block-column is-layout-flow wp-block-column-is-layout-flow\" style=\"--col-width:66.66%;flex-basis:66.66%\">\n<div class=\"wp-block-cover is-light is-style-tw-border-inner\" style=\"min-height:100%;aspect-ratio:unset;\"><img decoding=\"async\" width=\"1024\" height=\"800\" sizes=\"(max-width: 799px) 200vw, (max-width: 1024px) 100vw, 1024px\" class=\"wp-block-cover__image-background wp-image-24593 size-full\" alt=\"\" src=\"http:\/\/odeonhotel.fr\/wp-content\/uploads\/2016\/05\/JARDIN-LUXEMBOURG-2.jpg\" data-object-fit=\"cover\" title=\"\" srcset=\"https:\/\/www.odeonhotel.fr\/wp-content\/uploads\/2016\/05\/JARDIN-LUXEMBOURG-2.jpg 1024w, https:\/\/www.odeonhotel.fr\/wp-content\/uploads\/2016\/05\/JARDIN-LUXEMBOURG-2-300x234.jpg 300w, https:\/\/www.odeonhotel.fr\/wp-content\/uploads\/2016\/05\/JARDIN-LUXEMBOURG-2-768x600.jpg 768w\" \/><span aria-hidden=\"true\" class=\"wp-block-cover__background has-background-dim-0 has-background-dim\" style=\"background-color:#7f8973\"><\/span><div class=\"wp-block-cover__inner-container has-global-padding is-layout-constrained wp-block-cover-is-layout-constrained\">\n<p class=\"has-text-align-center has-large-font-size\"><\/p>\n\n\n\n<div style=\"height:250px\" aria-hidden=\"true\" class=\"wp-block-spacer\"><\/div>\n<\/div><\/div>\n<\/div>\n<\/div>\n\n<p><strong>Descripci\u00f3n :<\/strong><\/p>\n\n<p class=\"has-text-align-justify\" style=\"margin-top:0;margin-right:0;margin-bottom:0;margin-left:0\">El Jard\u00edn de Luxemburgo en Par\u00eds es un oasis de paz y elegancia en el coraz\u00f3n de la ciudad. Amplios caminos de grava atraviesan c\u00e9spedes verdes, coloridos parterres de flores y filas de casta\u00f1os. El hermoso Palacio de Luxemburgo domina una gran fuente octogonal donde los ni\u00f1os hacen navegar peque\u00f1os barcos. La gente lee, pasea y se relaja en las famosas sillas verdes. Las estatuas de reinas y escritores aportan historia y encanto. Los p\u00e1jaros cantan suavemente y el aire se siente tranquilo y fresco.<br\/>El jard\u00edn combina naturaleza, arte y cultura, ofreciendo un lugar perfecto para descansar y disfrutar de la vida parisina. Da la bienvenida a los visitantes durante todo el a\u00f1o, con belleza y serenidad.        <\/p>\n\n<div style=\"width: 100%; height: 400px;\">\n  <iframe width=\"100%\" height=\"100%\" frameborder=\"0\" scrolling=\"no\" marginheight=\"0\" marginwidth=\"0\" src=\"https:\/\/www.google.com\/maps?q=Luxembourg+Garden+Paris&#038;output=embed\" aria-label=\"Luxembourg Garden location\" title=\"Ubicaci\u00f3n del jard\u00edn de Luxemburgo\"><\/iframe>\n<\/div>\n","protected":false},"excerpt":{"rendered":"<p>Bienestar : Jard\u00edn Precio : Gratis Algo especial : Distancia corriendo desde el hotel por hora: Todos los d\u00edas de 7:30 am a 8:00 pm \/ tambi\u00e9n dependiendo del per\u00edodo del a\u00f1o Desde el hotel : 500 metros \u2013 6 minutos a pie Direcci\u00f3n : Jardin du Luxembourg, 75006 Paris Descripci\u00f3n : El Jard\u00edn de [&hellip;]<\/p>\n","protected":false},"author":1,"featured_media":24608,"comment_status":"closed","ping_status":"closed","sticky":false,"template":"post-wellbeing","format":"standard","meta":{"footnotes":""},"categories":[385],"tags":[],"class_list":["post-8488","post","type-post","status-publish","format-standard","has-post-thumbnail","hentry","category-bienestar-es"],"_links":{"self":[{"href":"https:\/\/www.odeonhotel.fr\/es\/wp-json\/wp\/v2\/posts\/8488","targetHints":{"allow":["GET"]}}],"collection":[{"href":"https:\/\/www.odeonhotel.fr\/es\/wp-json\/wp\/v2\/posts"}],"about":[{"href":"https:\/\/www.odeonhotel.fr\/es\/wp-json\/wp\/v2\/types\/post"}],"author":[{"embeddable":true,"href":"https:\/\/www.odeonhotel.fr\/es\/wp-json\/wp\/v2\/users\/1"}],"replies":[{"embeddable":true,"href":"https:\/\/www.odeonhotel.fr\/es\/wp-json\/wp\/v2\/comments?post=8488"}],"version-history":[{"count":4,"href":"https:\/\/www.odeonhotel.fr\/es\/wp-json\/wp\/v2\/posts\/8488\/revisions"}],"predecessor-version":[{"id":25143,"href":"https:\/\/www.odeonhotel.fr\/es\/wp-json\/wp\/v2\/posts\/8488\/revisions\/25143"}],"wp:featuredmedia":[{"embeddable":true,"href":"https:\/\/www.odeonhotel.fr\/es\/wp-json\/wp\/v2\/media\/24608"}],"wp:attachment":[{"href":"https:\/\/www.odeonhotel.fr\/es\/wp-json\/wp\/v2\/media?parent=8488"}],"wp:term":[{"taxonomy":"category","embeddable":true,"href":"https:\/\/www.odeonhotel.fr\/es\/wp-json\/wp\/v2\/categories?post=8488"},{"taxonomy":"post_tag","embeddable":true,"href":"https:\/\/www.odeonhotel.fr\/es\/wp-json\/wp\/v2\/tags?post=8488"}],"curies":[{"name":"wp","href":"https:\/\/api.w.org\/{rel}","templated":true}]}}