{"id":8618,"date":"2016-05-12T13:42:39","date_gmt":"2016-05-12T11:42:39","guid":{"rendered":"http:\/\/www.laperle.tess5418.odns.fr\/sin-categorizar\/museo-rodin\/"},"modified":"2026-01-14T23:22:49","modified_gmt":"2026-01-14T22:22:49","slug":"museo-rodin","status":"publish","type":"post","link":"https:\/\/www.odeonhotel.fr\/es\/museos-es\/museo-rodin\/","title":{"rendered":"Museo de Cluny"},"content":{"rendered":"\n<div class=\"wp-block-columns is-layout-flex wp-container-core-columns-is-layout-d0b3c9c8 wp-block-columns-is-layout-flex\">\n<div class=\"wp-block-column is-layout-flow wp-block-column-is-layout-flow\" style=\"--col-width:33.33%;flex-basis:33.33%\">\n<p><strong>Museo :<\/strong><\/p>\n\n\n\n<p style=\"margin-top:0;margin-right:0;margin-bottom:0;margin-left:0\">Museo de la Edad Media<\/p>\n\n\n\n<p style=\"margin-top:0;margin-right:0;margin-bottom:0;margin-left:0\"><strong>por hora:<\/strong><\/p>\n\n\n\n<p style=\"margin-top:0;margin-right:0;margin-bottom:0;margin-left:0\">Todos los d\u00edas excepto el lunes de 9:30 a 18:15<\/p>\n\n\n\n<p><strong>Desde el hotel :<\/strong><\/p>\n\n\n\n<p style=\"margin-top:0;margin-right:0;margin-bottom:0;margin-left:0\">500 metros \u2013 6 minutos a pie<br\/><\/p>\n\n\n\n<p><strong>Direcci\u00f3n :<\/strong><\/p>\n\n\n\n<p style=\"margin-top:0;margin-right:0;margin-bottom:0;margin-left:0\">28 rue Du Sommerard, 75005 Paris<\/p>\n<\/div>\n\n\n\n<div class=\"wp-block-column is-layout-flow wp-block-column-is-layout-flow\" style=\"--col-width:66.66%;flex-basis:66.66%\">\n<div class=\"wp-block-cover is-light is-style-tw-border-inner\" style=\"min-height:100%;aspect-ratio:unset;\"><img decoding=\"async\" width=\"600\" height=\"400\" sizes=\"(max-width: 799px) 200vw, (max-width: 600px) 100vw, 600px\" class=\"wp-block-cover__image-background wp-image-19837\" alt=\"\" src=\"http:\/\/odeonhotel.fr\/wp-content\/uploads\/2016\/05\/cluny-grand.jpg\" style=\"object-position:75% 91%\" data-object-fit=\"cover\" data-object-position=\"75% 91%\" title=\"\" srcset=\"https:\/\/www.odeonhotel.fr\/wp-content\/uploads\/2016\/05\/cluny-grand.jpg 600w, https:\/\/www.odeonhotel.fr\/wp-content\/uploads\/2016\/05\/cluny-grand-300x200.jpg 300w\" \/><span aria-hidden=\"true\" class=\"wp-block-cover__background has-background-dim-0 has-background-dim\" style=\"background-color:#8b909a\"><\/span><div class=\"wp-block-cover__inner-container has-global-padding is-layout-constrained wp-block-cover-is-layout-constrained\">\n<p class=\"has-text-align-center has-large-font-size\"><\/p>\n\n\n\n<div style=\"height:250px\" aria-hidden=\"true\" class=\"wp-block-spacer\"><\/div>\n<\/div><\/div>\n<\/div>\n<\/div>\n\n<p><strong>Descripci\u00f3n :<\/strong><\/p>\n\n<p class=\"has-text-align-justify\" style=\"margin-top:0;margin-right:0;margin-bottom:0;margin-left:0\">El Museo de Cluny, situado en el coraz\u00f3n de Par\u00eds, est\u00e1 dedicado al arte y la historia medievales. Ubicado en una mansi\u00f3n g\u00f3tica del siglo XV, antigua residencia de los abades de Cluny, tambi\u00e9n incluye las ruinas de unas antiguas termas romanas. El museo es famoso por su impresionante colecci\u00f3n de objetos medievales, como tapices, esculturas, vidrieras y manuscritos iluminados. Su exposici\u00f3n m\u00e1s famosa es la serie de tapices \u00abLa Dama y el Unicornio\u00bb, que simboliza los cinco sentidos. La mezcla de arquitectura rom\u00e1nica y g\u00f3tica, combinada con su arte, hacen del museo un destino clave para explorar la \u00e9poca medieval en Francia.    <\/p>\n\n<p><strong>Link :<\/strong> <a href=\"https:\/\/www.musee-moyenage.fr\/en\/\" target=\"_blank\" rel=\"noopener\">website<\/a><\/p>\n\n<div id=\"OKAYFREEDOM_INJECTED\" style=\"display: none;\"> <\/div>\n\n<div style=\"width: 100%; height: 400px;\">\n  <iframe src=\"https:\/\/www.google.com\/maps?q=Musee+de+cluny,+Paris&#038;output=embed\" frameborder=\"0\" style=\"border:0; width: 100%; height: 100%;\" allowfullscreen=\"\"><\/iframe>\n<\/div>\n\n<div style=\"height:50px\" aria-hidden=\"true\" class=\"wp-block-spacer\"><\/div>\n","protected":false},"excerpt":{"rendered":"<p>Museo : Museo de la Edad Media por hora: Todos los d\u00edas excepto el lunes de 9:30 a 18:15 Desde el hotel : 500 metros \u2013 6 minutos a pie Direcci\u00f3n : 28 rue Du Sommerard, 75005 Paris Descripci\u00f3n : El Museo de Cluny, situado en el coraz\u00f3n de Par\u00eds, est\u00e1 dedicado al arte y [&hellip;]<\/p>\n","protected":false},"author":1,"featured_media":24429,"comment_status":"closed","ping_status":"closed","sticky":false,"template":"post-musees","format":"standard","meta":{"footnotes":""},"categories":[412],"tags":[],"class_list":["post-8618","post","type-post","status-publish","format-standard","has-post-thumbnail","hentry","category-museos-es"],"_links":{"self":[{"href":"https:\/\/www.odeonhotel.fr\/es\/wp-json\/wp\/v2\/posts\/8618","targetHints":{"allow":["GET"]}}],"collection":[{"href":"https:\/\/www.odeonhotel.fr\/es\/wp-json\/wp\/v2\/posts"}],"about":[{"href":"https:\/\/www.odeonhotel.fr\/es\/wp-json\/wp\/v2\/types\/post"}],"author":[{"embeddable":true,"href":"https:\/\/www.odeonhotel.fr\/es\/wp-json\/wp\/v2\/users\/1"}],"replies":[{"embeddable":true,"href":"https:\/\/www.odeonhotel.fr\/es\/wp-json\/wp\/v2\/comments?post=8618"}],"version-history":[{"count":5,"href":"https:\/\/www.odeonhotel.fr\/es\/wp-json\/wp\/v2\/posts\/8618\/revisions"}],"predecessor-version":[{"id":24941,"href":"https:\/\/www.odeonhotel.fr\/es\/wp-json\/wp\/v2\/posts\/8618\/revisions\/24941"}],"wp:featuredmedia":[{"embeddable":true,"href":"https:\/\/www.odeonhotel.fr\/es\/wp-json\/wp\/v2\/media\/24429"}],"wp:attachment":[{"href":"https:\/\/www.odeonhotel.fr\/es\/wp-json\/wp\/v2\/media?parent=8618"}],"wp:term":[{"taxonomy":"category","embeddable":true,"href":"https:\/\/www.odeonhotel.fr\/es\/wp-json\/wp\/v2\/categories?post=8618"},{"taxonomy":"post_tag","embeddable":true,"href":"https:\/\/www.odeonhotel.fr\/es\/wp-json\/wp\/v2\/tags?post=8618"}],"curies":[{"name":"wp","href":"https:\/\/api.w.org\/{rel}","templated":true}]}}