{"id":8777,"date":"2016-05-12T13:38:35","date_gmt":"2016-05-12T11:38:35","guid":{"rendered":"http:\/\/www.laperle.tess5418.odns.fr\/sin-categorizar\/sacre-coeur\/"},"modified":"2026-01-14T23:14:34","modified_gmt":"2026-01-14T22:14:34","slug":"sacre-coeur","status":"publish","type":"post","link":"https:\/\/www.odeonhotel.fr\/es\/monumentos-es\/sacre-coeur\/","title":{"rendered":"Sacr\u00e9 Coeur"},"content":{"rendered":"\n<div class=\"wp-block-columns is-layout-flex wp-container-core-columns-is-layout-d0b3c9c8 wp-block-columns-is-layout-flex\">\n<div class=\"wp-block-column is-layout-flow wp-block-column-is-layout-flow\" style=\"--col-width:33.33%;flex-basis:33.33%\">\n<p><strong>Fecha de creaci\u00f3n :<\/strong><\/p>\n\n\n\n<p style=\"margin-top:0;margin-right:0;margin-bottom:0;margin-left:0\">1875<\/p>\n\n\n\n<p><strong>Precio :<\/strong><\/p>\n\n\n\n<p style=\"margin-top:0;margin-right:0;margin-bottom:0;margin-left:0\">Gratis<\/p>\n\n\n\n<p><strong>por hora:<\/strong><\/p>\n\n\n\n<p style=\"margin-top:0;margin-right:0;margin-bottom:0;margin-left:0\">Todos los d\u00edas de 6:00 a 22:30<\/p>\n\n\n\n<p><strong>Desde el hotel :<\/strong><\/p>\n\n\n\n<p style=\"margin-top:0;margin-right:0;margin-bottom:0;margin-left:0\">4,3 km \u2013 55 minutos a pie \u2013 o 33 minutos en metro: l\u00ednea 12 de \u201cOd\u00e9on\u201d a \u201cCh\u00e2teau Rouge\u201d.<br\/><\/p>\n\n\n\n<p><strong>Direcci\u00f3n :<\/strong><\/p>\n\n\n\n<p style=\"margin-top:0;margin-right:0;margin-bottom:0;margin-left:0\">35 Rue du Chevalier de la Barre, 75018 Paris, France<\/p>\n<\/div>\n\n\n\n<div class=\"wp-block-column is-layout-flow wp-block-column-is-layout-flow\" style=\"--col-width:66.66%;flex-basis:66.66%\">\n<div class=\"wp-block-cover is-style-tw-border-inner\" style=\"min-height:100%;aspect-ratio:unset;\"><img decoding=\"async\" width=\"1000\" height=\"662\" sizes=\"(max-width: 799px) 200vw, (max-width: 1000px) 100vw, 1000px\" class=\"wp-block-cover__image-background wp-image-15295\" alt=\"\" src=\"http:\/\/odeonhotel.fr\/wp-content\/uploads\/2023\/10\/Montmartre.jpg\" data-object-fit=\"cover\" title=\"\" srcset=\"https:\/\/www.odeonhotel.fr\/wp-content\/uploads\/2023\/10\/Montmartre.jpg 1000w, https:\/\/www.odeonhotel.fr\/wp-content\/uploads\/2023\/10\/Montmartre-300x199.webp 300w, https:\/\/www.odeonhotel.fr\/wp-content\/uploads\/2023\/10\/Montmartre-768x508.webp 768w\" \/><span aria-hidden=\"true\" class=\"wp-block-cover__background has-background-dim-0 has-background-dim\"><\/span><div class=\"wp-block-cover__inner-container has-global-padding is-layout-constrained wp-block-cover-is-layout-constrained\">\n<p class=\"has-text-align-center has-large-font-size\"><\/p>\n\n\n\n<div style=\"height:250px\" aria-hidden=\"true\" class=\"wp-block-spacer\"><\/div>\n<\/div><\/div>\n<\/div>\n<\/div>\n\n<p><strong>Descripci\u00f3n :<\/strong><\/p>\n\n<p class=\"has-text-align-justify\" style=\"margin-top:0;margin-right:0;margin-bottom:0;margin-left:0\">Bienvenido al Sacr\u00e9-C\u0153ur, un santuario espiritual situado en lo alto de Montmartre, que ofrece unas vistas impresionantes de Par\u00eds. Esta emblem\u00e1tica bas\u00edlica, con sus c\u00fapulas de un blanco inmaculado, es un s\u00edmbolo de serenidad y devoci\u00f3n. Suba los escalones y entre en un mundo de tranquilidad, mientras el suave resplandor de la luz se filtra a trav\u00e9s de magn\u00edficas vidrieras. El interior, adornado con intrincados mosaicos, invita a la contemplaci\u00f3n y la reflexi\u00f3n. Desde la explanada, contemple la vista panor\u00e1mica de la ciudad, un espect\u00e1culo que cautiva el alma. Ya sea para el culto o simplemente para maravillarse con su belleza, el Sacr\u00e9-C\u0153ur es un destino et\u00e9reo que evoca un sentimiento de reverencia y asombro.     <\/p>\n\n<p><strong>Link :<\/strong> <a href=\"https:\/\/www.sacre-coeur-montmartre.com\/\" target=\"_blank\" rel=\"noopener\">website<\/a><\/p>\n\n<div style=\"width: 100%; height: 400px;\">\n  <iframe src=\"https:\/\/www.google.com\/maps?q=Sacr%C3%A9-C%C5%93ur,+Paris&#038;output=embed\" frameborder=\"0\" style=\"border:0; width: 100%; height: 100%;\" allowfullscreen=\"\"><\/iframe>\n<\/div>\n\n<div style=\"height:50px\" aria-hidden=\"true\" class=\"wp-block-spacer\"><\/div>\n","protected":false},"excerpt":{"rendered":"<p>Fecha de creaci\u00f3n : 1875 Precio : Gratis por hora: Todos los d\u00edas de 6:00 a 22:30 Desde el hotel : 4,3 km \u2013 55 minutos a pie \u2013 o 33 minutos en metro: l\u00ednea 12 de \u201cOd\u00e9on\u201d a \u201cCh\u00e2teau Rouge\u201d. Direcci\u00f3n : 35 Rue du Chevalier de la Barre, 75018 Paris, France Descripci\u00f3n : [&hellip;]<\/p>\n","protected":false},"author":1,"featured_media":24389,"comment_status":"closed","ping_status":"closed","sticky":false,"template":"post-monuments","format":"standard","meta":{"footnotes":""},"categories":[405],"tags":[],"class_list":["post-8777","post","type-post","status-publish","format-standard","has-post-thumbnail","hentry","category-monumentos-es"],"_links":{"self":[{"href":"https:\/\/www.odeonhotel.fr\/es\/wp-json\/wp\/v2\/posts\/8777","targetHints":{"allow":["GET"]}}],"collection":[{"href":"https:\/\/www.odeonhotel.fr\/es\/wp-json\/wp\/v2\/posts"}],"about":[{"href":"https:\/\/www.odeonhotel.fr\/es\/wp-json\/wp\/v2\/types\/post"}],"author":[{"embeddable":true,"href":"https:\/\/www.odeonhotel.fr\/es\/wp-json\/wp\/v2\/users\/1"}],"replies":[{"embeddable":true,"href":"https:\/\/www.odeonhotel.fr\/es\/wp-json\/wp\/v2\/comments?post=8777"}],"version-history":[{"count":3,"href":"https:\/\/www.odeonhotel.fr\/es\/wp-json\/wp\/v2\/posts\/8777\/revisions"}],"predecessor-version":[{"id":24917,"href":"https:\/\/www.odeonhotel.fr\/es\/wp-json\/wp\/v2\/posts\/8777\/revisions\/24917"}],"wp:featuredmedia":[{"embeddable":true,"href":"https:\/\/www.odeonhotel.fr\/es\/wp-json\/wp\/v2\/media\/24389"}],"wp:attachment":[{"href":"https:\/\/www.odeonhotel.fr\/es\/wp-json\/wp\/v2\/media?parent=8777"}],"wp:term":[{"taxonomy":"category","embeddable":true,"href":"https:\/\/www.odeonhotel.fr\/es\/wp-json\/wp\/v2\/categories?post=8777"},{"taxonomy":"post_tag","embeddable":true,"href":"https:\/\/www.odeonhotel.fr\/es\/wp-json\/wp\/v2\/tags?post=8777"}],"curies":[{"name":"wp","href":"https:\/\/api.w.org\/{rel}","templated":true}]}}