{"id":8793,"date":"2016-05-12T13:38:11","date_gmt":"2016-05-12T11:38:11","guid":{"rendered":"http:\/\/www.laperle.tess5418.odns.fr\/sin-categorizar\/la-torre-eiffel\/"},"modified":"2026-01-14T23:19:47","modified_gmt":"2026-01-14T22:19:47","slug":"la-torre-eiffel","status":"publish","type":"post","link":"https:\/\/www.odeonhotel.fr\/es\/monumentos-es\/la-torre-eiffel\/","title":{"rendered":"La Torre Eiffel"},"content":{"rendered":"\n<div class=\"wp-block-columns is-layout-flex wp-container-core-columns-is-layout-d0b3c9c8 wp-block-columns-is-layout-flex\">\n<div class=\"wp-block-column is-layout-flow wp-block-column-is-layout-flow\" style=\"--col-width:33.33%;flex-basis:33.33%\">\n<p><strong>Fecha de creaci\u00f3n :<\/strong><\/p>\n\n\n\n<p style=\"margin-top:0;margin-right:0;margin-bottom:0;margin-left:0\">1887<\/p>\n\n\n\n<p><strong>Precio :<\/strong><\/p>\n\n\n\n<p style=\"margin-top:0;margin-right:0;margin-bottom:0;margin-left:0\">18,10\u20ac por persona<\/p>\n\n\n\n<p><strong>por hora:<\/strong><\/p>\n\n\n\n<p style=\"margin-top:0;margin-right:0;margin-bottom:0;margin-left:0\">Todos los d\u00edas de 9.00 a 24.00 horas<\/p>\n\n\n\n<p><strong>Desde el hotel :<\/strong><\/p>\n\n\n\n<p style=\"margin-top:0;margin-right:0;margin-bottom:0;margin-left:0\">4 km \u2013 46 minutos a pie \u2013 o 30 minutos en metro: l\u00ednea 10 de \u201cMabillon\u201d a \u201cLa Motte-Picquet \u2013 Grenelle\u201d.<br\/><\/p>\n\n\n\n<p><strong>Direcci\u00f3n :<\/strong><\/p>\n\n\n\n<p style=\"margin-top:0;margin-right:0;margin-bottom:0;margin-left:0\">5 Avenue Anatole France, 75007 Paris<\/p>\n<\/div>\n\n\n\n<div class=\"wp-block-column is-layout-flow wp-block-column-is-layout-flow\" style=\"--col-width:66.66%;flex-basis:66.66%\">\n<div class=\"wp-block-cover is-light is-style-tw-border-inner\" style=\"min-height:100%;aspect-ratio:unset;\"><img decoding=\"async\" width=\"1024\" height=\"683\" sizes=\"(max-width: 799px) 200vw, (max-width: 1024px) 100vw, 1024px\" class=\"wp-block-cover__image-background wp-image-15319\" alt=\"\" src=\"http:\/\/odeonhotel.fr\/wp-content\/uploads\/2023\/10\/Tour-Eiffel-jpg.webp\" data-object-fit=\"cover\" title=\"\" srcset=\"https:\/\/www.odeonhotel.fr\/wp-content\/uploads\/2023\/10\/Tour-Eiffel-jpg.webp 1024w, https:\/\/www.odeonhotel.fr\/wp-content\/uploads\/2023\/10\/Tour-Eiffel-300x200.webp 300w, https:\/\/www.odeonhotel.fr\/wp-content\/uploads\/2023\/10\/Tour-Eiffel-768x512.webp 768w\" \/><span aria-hidden=\"true\" class=\"wp-block-cover__background has-background-dim-0 has-background-dim\"><\/span><div class=\"wp-block-cover__inner-container has-global-padding is-layout-constrained wp-block-cover-is-layout-constrained\">\n<p class=\"has-text-align-center has-large-font-size\"><\/p>\n\n\n\n<div style=\"height:250px\" aria-hidden=\"true\" class=\"wp-block-spacer\"><\/div>\n<\/div><\/div>\n<\/div>\n<\/div>\n\n<p><strong>Descripci\u00f3n :<\/strong><\/p>\n\n<p class=\"has-text-align-justify\" style=\"margin-top:0;margin-right:0;margin-bottom:0;margin-left:0\">Bienvenido a la magn\u00edfica Torre Eiffel, s\u00edmbolo emblem\u00e1tico de Par\u00eds y maravilla de la ingenier\u00eda. Elev\u00e1ndose orgullosa sobre el horizonte de la ciudad, esta estructura de celos\u00eda de hierro irradia elegancia y encanto. A medida que ascienda a sus alturas, disfrutar\u00e1 de vistas panor\u00e1micas que muestran la belleza de Par\u00eds, desde el r\u00edo Sena hasta los grandes bulevares. Tanto de d\u00eda, cuando la ciudad bulle de vida, como de noche, cuando la torre ilumina el cielo, la Torre Eiffel ofrece una experiencia encantadora. Capture recuerdos, del\u00e9itese con una buena cena en sus restaurantes, o simplemente disfrute de la magia de esta maravilla arquitect\u00f3nica que ha cautivado los corazones de todo el mundo.    <\/p>\n\n<p><strong>Link :<\/strong> <a href=\"https:\/\/www.toureiffel.paris\/en\" target=\"_blank\" rel=\"noopener\">website<\/a><\/p>\n\n<div id=\"OKAYFREEDOM_INJECTED\" style=\"display: none;\"> <\/div>\n\n<div style=\"width: 100%; height: 400px;\">\n  <iframe src=\"https:\/\/www.google.com\/maps?q=Eiffel+Tower,+Paris&#038;output=embed\" frameborder=\"0\" style=\"border:0; width: 100%; height: 100%;\" allowfullscreen=\"\"><\/iframe>\n<\/div>\n\n<div style=\"height:50px\" aria-hidden=\"true\" class=\"wp-block-spacer\"><\/div>\n","protected":false},"excerpt":{"rendered":"<p>Fecha de creaci\u00f3n : 1887 Precio : 18,10\u20ac por persona por hora: Todos los d\u00edas de 9.00 a 24.00 horas Desde el hotel : 4 km \u2013 46 minutos a pie \u2013 o 30 minutos en metro: l\u00ednea 10 de \u201cMabillon\u201d a \u201cLa Motte-Picquet \u2013 Grenelle\u201d. Direcci\u00f3n : 5 Avenue Anatole France, 75007 Paris Descripci\u00f3n [&hellip;]<\/p>\n","protected":false},"author":1,"featured_media":24405,"comment_status":"closed","ping_status":"closed","sticky":false,"template":"post-monuments","format":"standard","meta":{"footnotes":""},"categories":[405],"tags":[],"class_list":["post-8793","post","type-post","status-publish","format-standard","has-post-thumbnail","hentry","category-monumentos-es"],"_links":{"self":[{"href":"https:\/\/www.odeonhotel.fr\/es\/wp-json\/wp\/v2\/posts\/8793","targetHints":{"allow":["GET"]}}],"collection":[{"href":"https:\/\/www.odeonhotel.fr\/es\/wp-json\/wp\/v2\/posts"}],"about":[{"href":"https:\/\/www.odeonhotel.fr\/es\/wp-json\/wp\/v2\/types\/post"}],"author":[{"embeddable":true,"href":"https:\/\/www.odeonhotel.fr\/es\/wp-json\/wp\/v2\/users\/1"}],"replies":[{"embeddable":true,"href":"https:\/\/www.odeonhotel.fr\/es\/wp-json\/wp\/v2\/comments?post=8793"}],"version-history":[{"count":3,"href":"https:\/\/www.odeonhotel.fr\/es\/wp-json\/wp\/v2\/posts\/8793\/revisions"}],"predecessor-version":[{"id":24930,"href":"https:\/\/www.odeonhotel.fr\/es\/wp-json\/wp\/v2\/posts\/8793\/revisions\/24930"}],"wp:featuredmedia":[{"embeddable":true,"href":"https:\/\/www.odeonhotel.fr\/es\/wp-json\/wp\/v2\/media\/24405"}],"wp:attachment":[{"href":"https:\/\/www.odeonhotel.fr\/es\/wp-json\/wp\/v2\/media?parent=8793"}],"wp:term":[{"taxonomy":"category","embeddable":true,"href":"https:\/\/www.odeonhotel.fr\/es\/wp-json\/wp\/v2\/categories?post=8793"},{"taxonomy":"post_tag","embeddable":true,"href":"https:\/\/www.odeonhotel.fr\/es\/wp-json\/wp\/v2\/tags?post=8793"}],"curies":[{"name":"wp","href":"https:\/\/api.w.org\/{rel}","templated":true}]}}