{"id":8841,"date":"2016-05-12T13:42:27","date_gmt":"2016-05-12T11:42:27","guid":{"rendered":"http:\/\/www.laperle.tess5418.odns.fr\/sin-categorizar\/museo-quai-branly\/"},"modified":"2026-01-14T23:32:24","modified_gmt":"2026-01-14T22:32:24","slug":"museo-quai-branly","status":"publish","type":"post","link":"https:\/\/www.odeonhotel.fr\/es\/museos-es\/museo-quai-branly\/","title":{"rendered":"Museo quai Branly"},"content":{"rendered":"\n<div class=\"wp-block-columns is-layout-flex wp-container-core-columns-is-layout-d0b3c9c8 wp-block-columns-is-layout-flex\">\n<div class=\"wp-block-column is-layout-flow wp-block-column-is-layout-flow\" style=\"--col-width:33.33%;flex-basis:33.33%\">\n<p><strong>Museo :<\/strong><\/p>\n\n\n\n<p style=\"margin-top:0;margin-right:0;margin-bottom:0;margin-left:0\">Artes primitivas<\/p>\n\n\n\n<p><strong>Algo especial :<\/strong><\/p>\n\n\n\n<p style=\"margin-top:0;margin-right:0;margin-bottom:0;margin-left:0\">El muro verde y la vista de la Torre Eiffel desde la terraza<\/p>\n\n\n\n<p><strong>por hora:<\/strong><\/p>\n\n\n\n<p style=\"margin-top:0;margin-right:0;margin-bottom:0;margin-left:0\">Todos los d\u00edas, excepto el lunes, de 11.00 a 19.00 h.<\/p>\n\n\n\n<p><strong>Desde el hotel :<\/strong><\/p>\n\n\n\n<p style=\"margin-top:0;margin-right:0;margin-bottom:0;margin-left:0\">3,3 km \u2013 42 minutos a pie o 22 minutos en autob\u00fas 63 desde \u201cSeine Buci\u201d<br\/><\/p>\n\n\n\n<p><strong>Direcci\u00f3n :<\/strong><\/p>\n\n\n\n<p style=\"margin-top:0;margin-right:0;margin-bottom:0;margin-left:0\">37 quai Branly, 75007 Paris<\/p>\n<\/div>\n\n\n\n<div class=\"wp-block-column is-layout-flow wp-block-column-is-layout-flow\" style=\"--col-width:66.66%;flex-basis:66.66%\">\n<div class=\"wp-block-cover is-style-tw-border-inner\" style=\"min-height:100%;aspect-ratio:unset;\"><img decoding=\"async\" width=\"2048\" height=\"1363\" sizes=\"(max-width: 799px) 200vw, (max-width: 2048px) 100vw, 2048px\" class=\"wp-block-cover__image-background wp-image-15359\" alt=\"\" src=\"http:\/\/odeonhotel.fr\/wp-content\/uploads\/2023\/10\/musee-quai-branly.jpg\" style=\"object-position:40% 48%\" data-object-fit=\"cover\" data-object-position=\"40% 48%\" title=\"\" srcset=\"https:\/\/www.odeonhotel.fr\/wp-content\/uploads\/2023\/10\/musee-quai-branly.jpg 2048w, https:\/\/www.odeonhotel.fr\/wp-content\/uploads\/2023\/10\/musee-quai-branly-300x200.webp 300w, https:\/\/www.odeonhotel.fr\/wp-content\/uploads\/2023\/10\/musee-quai-branly-1024x682.webp 1024w, https:\/\/www.odeonhotel.fr\/wp-content\/uploads\/2023\/10\/musee-quai-branly-768x511.webp 768w, https:\/\/www.odeonhotel.fr\/wp-content\/uploads\/2023\/10\/musee-quai-branly-1536x1022.webp 1536w\" \/><span aria-hidden=\"true\" class=\"wp-block-cover__background has-background-dim-0 has-background-dim\"><\/span><div class=\"wp-block-cover__inner-container has-global-padding is-layout-constrained wp-block-cover-is-layout-constrained\">\n<p class=\"has-text-align-center has-large-font-size\"><\/p>\n\n\n\n<div style=\"height:250px\" aria-hidden=\"true\" class=\"wp-block-spacer\"><\/div>\n<\/div><\/div>\n<\/div>\n<\/div>\n\n<p><strong>Descripci\u00f3n :<\/strong><\/p>\n\n<p class=\"has-text-align-justify\" style=\"margin-top:0;margin-right:0;margin-bottom:0;margin-left:0\">Emb\u00e1rquese en un viaje de descubrimiento cultural en el Museo Quai Branly, un cautivador homenaje al arte y las civilizaciones de \u00c1frica, Asia, Ocean\u00eda y Am\u00e9rica. Enclavada junto al r\u00edo Sena, esta joya arquitect\u00f3nica alberga una rica y diversa colecci\u00f3n de obras de arte, esculturas, textiles y artefactos ind\u00edgenas. Explore los relatos entrelazados de diferentes culturas, profundizando en sus rituales, tradiciones y expresiones art\u00edsticas. Las exposiciones inmersivas del museo y las muestras que invitan a la reflexi\u00f3n ofrecen una perspectiva \u00fanica del patrimonio cultural mundial. El Museo quai Branly celebra la diversidad, fomentando la comprensi\u00f3n y la apreciaci\u00f3n intercultural, invitando a los visitantes a ampliar sus horizontes y a comprometerse con la belleza y la complejidad de las culturas globales.    <\/p>\n\n<p><strong>Link :<\/strong> <a href=\"https:\/\/www.quaibranly.fr\/fr\/billetterie?gclid=CjwKCAjwvdajBhBEEiwAeMh1U55VFDvJ6ksKr_15b3ixzoBmPTosvufHXFfsxb-yVzDMCrGWZppHqRoCzCMQAvD_BwE\" target=\"_blank\" rel=\"noopener\">website<\/a><\/p>\n\n<div style=\"width: 100%; height: 400px;\">\n  <iframe src=\"https:\/\/www.google.com\/maps?q=Quai+Branly+Museum,+Paris&#038;output=embed\" frameborder=\"0\" style=\"border:0; width: 100%; height: 100%;\" allowfullscreen=\"\"><\/iframe>\n<\/div>\n\n<div style=\"height:50px\" aria-hidden=\"true\" class=\"wp-block-spacer\"><\/div>\n","protected":false},"excerpt":{"rendered":"<p>Museo : Artes primitivas Algo especial : El muro verde y la vista de la Torre Eiffel desde la terraza por hora: Todos los d\u00edas, excepto el lunes, de 11.00 a 19.00 h. Desde el hotel : 3,3 km \u2013 42 minutos a pie o 22 minutos en autob\u00fas 63 desde \u201cSeine Buci\u201d Direcci\u00f3n : [&hellip;]<\/p>\n","protected":false},"author":1,"featured_media":24461,"comment_status":"closed","ping_status":"closed","sticky":false,"template":"post-musees","format":"standard","meta":{"footnotes":""},"categories":[412],"tags":[],"class_list":["post-8841","post","type-post","status-publish","format-standard","has-post-thumbnail","hentry","category-museos-es"],"_links":{"self":[{"href":"https:\/\/www.odeonhotel.fr\/es\/wp-json\/wp\/v2\/posts\/8841","targetHints":{"allow":["GET"]}}],"collection":[{"href":"https:\/\/www.odeonhotel.fr\/es\/wp-json\/wp\/v2\/posts"}],"about":[{"href":"https:\/\/www.odeonhotel.fr\/es\/wp-json\/wp\/v2\/types\/post"}],"author":[{"embeddable":true,"href":"https:\/\/www.odeonhotel.fr\/es\/wp-json\/wp\/v2\/users\/1"}],"replies":[{"embeddable":true,"href":"https:\/\/www.odeonhotel.fr\/es\/wp-json\/wp\/v2\/comments?post=8841"}],"version-history":[{"count":3,"href":"https:\/\/www.odeonhotel.fr\/es\/wp-json\/wp\/v2\/posts\/8841\/revisions"}],"predecessor-version":[{"id":24948,"href":"https:\/\/www.odeonhotel.fr\/es\/wp-json\/wp\/v2\/posts\/8841\/revisions\/24948"}],"wp:featuredmedia":[{"embeddable":true,"href":"https:\/\/www.odeonhotel.fr\/es\/wp-json\/wp\/v2\/media\/24461"}],"wp:attachment":[{"href":"https:\/\/www.odeonhotel.fr\/es\/wp-json\/wp\/v2\/media?parent=8841"}],"wp:term":[{"taxonomy":"category","embeddable":true,"href":"https:\/\/www.odeonhotel.fr\/es\/wp-json\/wp\/v2\/categories?post=8841"},{"taxonomy":"post_tag","embeddable":true,"href":"https:\/\/www.odeonhotel.fr\/es\/wp-json\/wp\/v2\/tags?post=8841"}],"curies":[{"name":"wp","href":"https:\/\/api.w.org\/{rel}","templated":true}]}}