{"id":8975,"date":"2016-05-12T13:48:31","date_gmt":"2016-05-12T11:48:31","guid":{"rendered":"http:\/\/www.laperle.tess5418.odns.fr\/sin-categorizar\/bon-marche\/"},"modified":"2026-01-16T17:12:49","modified_gmt":"2026-01-16T16:12:49","slug":"bon-marche","status":"publish","type":"post","link":"https:\/\/www.odeonhotel.fr\/es\/shopping-es\/bon-marche\/","title":{"rendered":"Bon March\u00e9"},"content":{"rendered":"\n<div class=\"wp-block-columns is-layout-flex wp-container-core-columns-is-layout-d0b3c9c8 wp-block-columns-is-layout-flex\">\n<div class=\"wp-block-column is-layout-flow wp-block-column-is-layout-flow\" style=\"--col-width:33.33%;flex-basis:33.33%\">\n<p><strong>Tienda:<\/strong><\/p>\n\n\n\n<p style=\"margin-top:0;margin-right:0;margin-bottom:0;margin-left:0\">Grandes almacenes<\/p>\n\n\n\n<p><strong>Algo especial :<\/strong><\/p>\n\n\n\n<p style=\"margin-top:0;margin-right:0;margin-bottom:0;margin-left:0\">Todas las marcas<\/p>\n\n\n\n<p><strong>por hora:<\/strong> <\/p>\n\n\n\n<p style=\"margin-top:0;margin-right:0;margin-bottom:0;margin-left:0\">Todos los d\u00edas de 10:00 a 20:00<\/p>\n\n\n\n<p><strong>Desde el hotel :<\/strong><\/p>\n\n\n\n<p style=\"margin-top:0;margin-right:0;margin-bottom:0;margin-left:0\">1.300 metros \u2013 A unos 17 minutos a pie<\/p>\n\n\n\n<p><strong>Direcci\u00f3n :<\/strong><\/p>\n\n\n\n<p style=\"margin-top:0;margin-right:0;margin-bottom:0;margin-left:0\">24 rue de S\u00e8vres 75007 Paris<\/p>\n<\/div>\n\n\n\n<div class=\"wp-block-column is-layout-flow wp-block-column-is-layout-flow\" style=\"--col-width:66.66%;flex-basis:66.66%\">\n<div class=\"wp-block-cover is-light is-style-tw-border-inner\" style=\"min-height:100%;aspect-ratio:unset;\"><img decoding=\"async\" width=\"932\" height=\"582\" sizes=\"(max-width: 799px) 200vw, (max-width: 932px) 100vw, 932px\" class=\"wp-block-cover__image-background wp-image-15541\" alt=\"\" src=\"http:\/\/odeonhotel.fr\/wp-content\/uploads\/2023\/10\/Bon-marche-jpg.webp\" data-object-fit=\"cover\" title=\"\" srcset=\"https:\/\/www.odeonhotel.fr\/wp-content\/uploads\/2023\/10\/Bon-marche-jpg.webp 932w, https:\/\/www.odeonhotel.fr\/wp-content\/uploads\/2023\/10\/Bon-marche-300x187.webp 300w, https:\/\/www.odeonhotel.fr\/wp-content\/uploads\/2023\/10\/Bon-marche-768x480.webp 768w\" \/><span aria-hidden=\"true\" class=\"wp-block-cover__background has-background-dim-0 has-background-dim\"><\/span><div class=\"wp-block-cover__inner-container has-global-padding is-layout-constrained wp-block-cover-is-layout-constrained\">\n<p class=\"has-text-align-center has-large-font-size\"><\/p>\n\n\n\n<div style=\"height:250px\" aria-hidden=\"true\" class=\"wp-block-spacer\"><\/div>\n<\/div><\/div>\n<\/div>\n<\/div>\n\n<p><strong>Descripci\u00f3n :<\/strong><\/p>\n\n<p class=\"has-text-align-justify\" style=\"margin-top:0;margin-right:0;margin-bottom:0;margin-left:0\">El Bon March\u00e9 de Par\u00eds es un legendario gran almac\u00e9n que ha sido s\u00edmbolo de elegancia y lujo desde su creaci\u00f3n en 1852. Situados en el vibrante barrio de Saint-Germain-des-Pr\u00e9s, ofrecen una refinada experiencia de compra en un amplio espacio. Conocido por su excepcional selecci\u00f3n de moda de dise\u00f1o, productos de belleza, decoraci\u00f3n para el hogar y comida gourmet, el Bon March\u00e9 satisface los gustos m\u00e1s exigentes. Su grandiosa arquitectura y su impresionante techo de cristal Art Nouveau contribuyen a su encanto, mientras que los expositores de la tienda, elaborados por expertos, y el atento servicio crean una atm\u00f3sfera de sofisticaci\u00f3n. Con su rico patrimonio y su compromiso con la excelencia, el Bon March\u00e9 sigue siendo un destino para el comprador refinado en Par\u00eds.    <\/p>\n\n<p><strong>Link<\/strong> : <a href=\"https:\/\/www.lebonmarche.com\/\" target=\"_blank\" rel=\"noopener\">website<\/a><\/p>\n\n<div style=\"width: 100%; height: 400px;\">\n  <iframe width=\"100%\" height=\"100%\" frameborder=\"0\" scrolling=\"no\" marginheight=\"0\" marginwidth=\"0\" src=\"https:\/\/www.google.com\/maps?q=Le+Bon+March%C3%A9+Paris&#038;output=embed\" aria-label=\"Le Bon March\u00e9 location\" title=\"Localizaci\u00f3n del Bon March\u00e9\"><\/iframe>\n<\/div>\n\n<div style=\"height:50px\" aria-hidden=\"true\" class=\"wp-block-spacer\"><\/div>\n","protected":false},"excerpt":{"rendered":"<p>Tienda: Grandes almacenes Algo especial : Todas las marcas por hora: Todos los d\u00edas de 10:00 a 20:00 Desde el hotel : 1.300 metros \u2013 A unos 17 minutos a pie Direcci\u00f3n : 24 rue de S\u00e8vres 75007 Paris Descripci\u00f3n : El Bon March\u00e9 de Par\u00eds es un legendario gran almac\u00e9n que ha sido s\u00edmbolo [&hellip;]<\/p>\n","protected":false},"author":1,"featured_media":24797,"comment_status":"closed","ping_status":"closed","sticky":false,"template":"post-shopping","format":"standard","meta":{"footnotes":""},"categories":[440],"tags":[],"class_list":["post-8975","post","type-post","status-publish","format-standard","has-post-thumbnail","hentry","category-shopping-es"],"_links":{"self":[{"href":"https:\/\/www.odeonhotel.fr\/es\/wp-json\/wp\/v2\/posts\/8975","targetHints":{"allow":["GET"]}}],"collection":[{"href":"https:\/\/www.odeonhotel.fr\/es\/wp-json\/wp\/v2\/posts"}],"about":[{"href":"https:\/\/www.odeonhotel.fr\/es\/wp-json\/wp\/v2\/types\/post"}],"author":[{"embeddable":true,"href":"https:\/\/www.odeonhotel.fr\/es\/wp-json\/wp\/v2\/users\/1"}],"replies":[{"embeddable":true,"href":"https:\/\/www.odeonhotel.fr\/es\/wp-json\/wp\/v2\/comments?post=8975"}],"version-history":[{"count":3,"href":"https:\/\/www.odeonhotel.fr\/es\/wp-json\/wp\/v2\/posts\/8975\/revisions"}],"predecessor-version":[{"id":25202,"href":"https:\/\/www.odeonhotel.fr\/es\/wp-json\/wp\/v2\/posts\/8975\/revisions\/25202"}],"wp:featuredmedia":[{"embeddable":true,"href":"https:\/\/www.odeonhotel.fr\/es\/wp-json\/wp\/v2\/media\/24797"}],"wp:attachment":[{"href":"https:\/\/www.odeonhotel.fr\/es\/wp-json\/wp\/v2\/media?parent=8975"}],"wp:term":[{"taxonomy":"category","embeddable":true,"href":"https:\/\/www.odeonhotel.fr\/es\/wp-json\/wp\/v2\/categories?post=8975"},{"taxonomy":"post_tag","embeddable":true,"href":"https:\/\/www.odeonhotel.fr\/es\/wp-json\/wp\/v2\/tags?post=8975"}],"curies":[{"name":"wp","href":"https:\/\/api.w.org\/{rel}","templated":true}]}}