{"id":8747,"date":"2016-05-12T13:39:53","date_gmt":"2016-05-12T11:39:53","guid":{"rendered":"http:\/\/www.laperle.tess5418.odns.fr\/non-classifiee\/chateau-de-versailles\/"},"modified":"2026-01-11T23:43:54","modified_gmt":"2026-01-11T22:43:54","slug":"chateau-de-versailles","status":"publish","type":"post","link":"https:\/\/www.odeonhotel.fr\/fr\/monuments-fr\/chateau-de-versailles\/","title":{"rendered":"Ch\u00e2teau de Versailles"},"content":{"rendered":"\n<div class=\"wp-block-columns is-layout-flex wp-container-core-columns-is-layout-d0b3c9c8 wp-block-columns-is-layout-flex\">\n<div class=\"wp-block-column is-layout-flow wp-block-column-is-layout-flow\" style=\"--col-width:33.33%;flex-basis:33.33%\">\n<p><strong>Date de construction :<\/strong><\/p>\n\n\n\n<p style=\"margin-top:0;margin-right:0;margin-bottom:0;margin-left:0\">1623<\/p>\n\n\n\n<p><strong>Prix :<\/strong><\/p>\n\n\n\n<p style=\"margin-top:0;margin-right:0;margin-bottom:0;margin-left:0\">20 \u20ac<\/p>\n\n\n\n<p><strong>Horaire :<\/strong><\/p>\n\n\n\n<p style=\"margin-top:0;margin-right:0;margin-bottom:0;margin-left:0\">Tous les jours sauf le lundi et le dimanche de 9h00 \u00e0 18h30<\/p>\n\n\n\n<p><strong>Depuis l&rsquo;h\u00f4tel :<\/strong><\/p>\n\n\n\n<p style=\"margin-top:0;margin-right:0;margin-bottom:0;margin-left:0\">17,6 km : 60 minutes en RER C de \u00ab\u00a0Saint Michel\u00a0\u00bb \u00e0 \u00ab\u00a0Versailles Chantier\u00a0\u00bb.<\/p>\n\n\n\n<p><strong>Adresse :<\/strong><\/p>\n\n\n\n<p style=\"margin-top:0;margin-right:0;margin-bottom:0;margin-left:0\">Place d\u2019Armes, 78000 Versailles<\/p>\n<\/div>\n\n\n\n<div class=\"wp-block-column is-layout-flow wp-block-column-is-layout-flow\" style=\"--col-width:66.66%;flex-basis:66.66%\">\n<div class=\"wp-block-cover is-style-tw-border-inner\" style=\"min-height:100%;aspect-ratio:unset;\"><span aria-hidden=\"true\" class=\"wp-block-cover__background has-background-dim-0 has-background-dim\"><\/span><img decoding=\"async\" width=\"1024\" height=\"683\" sizes=\"(max-width: 799px) 200vw, (max-width: 1024px) 100vw, 1024px\" class=\"wp-block-cover__image-background wp-image-15311\" alt=\"\" src=\"http:\/\/odeonhotel.fr\/wp-content\/uploads\/2023\/10\/Chateau-de-versailles-jpg.webp\" style=\"object-position:31% 47%\" data-object-fit=\"cover\" data-object-position=\"31% 47%\" title=\"\" srcset=\"https:\/\/www.odeonhotel.fr\/wp-content\/uploads\/2023\/10\/Chateau-de-versailles-jpg.webp 1024w, https:\/\/www.odeonhotel.fr\/wp-content\/uploads\/2023\/10\/Chateau-de-versailles-300x200.webp 300w, https:\/\/www.odeonhotel.fr\/wp-content\/uploads\/2023\/10\/Chateau-de-versailles-768x512.webp 768w\" \/><div class=\"wp-block-cover__inner-container has-global-padding is-layout-constrained wp-block-cover-is-layout-constrained\">\n<p class=\"has-text-align-center has-large-font-size\"><\/p>\n\n\n\n<div style=\"height:250px\" aria-hidden=\"true\" class=\"wp-block-spacer\"><\/div>\n<\/div><\/div>\n<\/div>\n<\/div>\n\n<p><strong>Description :<\/strong><\/p>\n\n<p class=\"has-text-align-justify\" style=\"margin-top:0;margin-right:0;margin-bottom:0;margin-left:0\">Bienvenue dans la grandeur du ch\u00e2teau de Versailles, v\u00e9ritable chef-d&rsquo;\u0153uvre d&rsquo;opulence et d&rsquo;extravagance. Aux portes de Paris, ce joyau historique vous transporte dans un monde de splendeur royale. Plongez dans la beaut\u00e9 resplendissante de ses salles somptueusement d\u00e9cor\u00e9es, orn\u00e9es de dorures et d&rsquo;\u0153uvres d&rsquo;art complexes. Promenez-vous dans les jardins m\u00e9ticuleusement entretenus, parsem\u00e9s de fontaines et de sculptures qui vous laisseront bouche b\u00e9e. De la galerie des glaces, qui refl\u00e8te la lumi\u00e8re du soleil dans un spectacle \u00e9blouissant, \u00e0 la grandeur \u00e9poustouflante du palais lui-m\u00eame, chaque recoin respire la magnificence. D\u00e9couvrez le style de vie grandiose de la royaut\u00e9 fran\u00e7aise et laissez-vous s\u00e9duire par le ch\u00e2teau de Versailles.     <\/p>\n\n<p><strong>Lien :<\/strong> <a href=\"https:\/\/www.chateauversailles.fr\/\" target=\"_blank\" rel=\"noopener\">site internet<\/a><\/p>\n\n<div id=\"OKAYFREEDOM_INJECTED\" style=\"display: none;\"> <\/div>\n\n<div style=\"width: 100%; height: 400px;\">\n  <iframe src=\"https:\/\/www.google.com\/maps?q=Palace+of+Versailles,+Paris&#038;output=embed\" frameborder=\"0\" style=\"border:0; width: 100%; height: 100%;\" allowfullscreen=\"\"><\/iframe>\n<\/div>\n\n<div style=\"height:50px\" aria-hidden=\"true\" class=\"wp-block-spacer\"><\/div>\n","protected":false},"excerpt":{"rendered":"<p>Date de construction : 1623 Prix : 20 \u20ac Horaire : Tous les jours sauf le lundi et le dimanche de 9h00 \u00e0 18h30 Depuis l&rsquo;h\u00f4tel : 17,6 km : 60 minutes en RER C de \u00ab\u00a0Saint Michel\u00a0\u00bb \u00e0 \u00ab\u00a0Versailles Chantier\u00a0\u00bb. Adresse : Place d\u2019Armes, 78000 Versailles Description : Bienvenue dans la grandeur du ch\u00e2teau [&hellip;]<\/p>\n","protected":false},"author":1,"featured_media":24376,"comment_status":"closed","ping_status":"closed","sticky":false,"template":"post-monuments","format":"standard","meta":{"footnotes":""},"categories":[400],"tags":[],"class_list":["post-8747","post","type-post","status-publish","format-standard","has-post-thumbnail","hentry","category-monuments-fr"],"_links":{"self":[{"href":"https:\/\/www.odeonhotel.fr\/fr\/wp-json\/wp\/v2\/posts\/8747","targetHints":{"allow":["GET"]}}],"collection":[{"href":"https:\/\/www.odeonhotel.fr\/fr\/wp-json\/wp\/v2\/posts"}],"about":[{"href":"https:\/\/www.odeonhotel.fr\/fr\/wp-json\/wp\/v2\/types\/post"}],"author":[{"embeddable":true,"href":"https:\/\/www.odeonhotel.fr\/fr\/wp-json\/wp\/v2\/users\/1"}],"replies":[{"embeddable":true,"href":"https:\/\/www.odeonhotel.fr\/fr\/wp-json\/wp\/v2\/comments?post=8747"}],"version-history":[{"count":2,"href":"https:\/\/www.odeonhotel.fr\/fr\/wp-json\/wp\/v2\/posts\/8747\/revisions"}],"predecessor-version":[{"id":20376,"href":"https:\/\/www.odeonhotel.fr\/fr\/wp-json\/wp\/v2\/posts\/8747\/revisions\/20376"}],"wp:featuredmedia":[{"embeddable":true,"href":"https:\/\/www.odeonhotel.fr\/fr\/wp-json\/wp\/v2\/media\/24376"}],"wp:attachment":[{"href":"https:\/\/www.odeonhotel.fr\/fr\/wp-json\/wp\/v2\/media?parent=8747"}],"wp:term":[{"taxonomy":"category","embeddable":true,"href":"https:\/\/www.odeonhotel.fr\/fr\/wp-json\/wp\/v2\/categories?post=8747"},{"taxonomy":"post_tag","embeddable":true,"href":"https:\/\/www.odeonhotel.fr\/fr\/wp-json\/wp\/v2\/tags?post=8747"}],"curies":[{"name":"wp","href":"https:\/\/api.w.org\/{rel}","templated":true}]}}