{"id":8783,"date":"2016-05-12T13:38:11","date_gmt":"2016-05-12T11:38:11","guid":{"rendered":"http:\/\/www.laperle.tess5418.odns.fr\/non-classifiee\/la-tour-eiffel\/"},"modified":"2026-01-14T23:18:30","modified_gmt":"2026-01-14T22:18:30","slug":"la-tour-eiffel","status":"publish","type":"post","link":"https:\/\/www.odeonhotel.fr\/fr\/monuments-fr\/la-tour-eiffel\/","title":{"rendered":"La Tour Eiffel"},"content":{"rendered":"\n<div class=\"wp-block-columns is-layout-flex wp-container-core-columns-is-layout-d0b3c9c8 wp-block-columns-is-layout-flex\">\n<div class=\"wp-block-column is-layout-flow wp-block-column-is-layout-flow\" style=\"--col-width:33.33%;flex-basis:33.33%\">\n<p><strong>Date de cr\u00e9ation :<\/strong><\/p>\n\n\n\n<p style=\"margin-top:0;margin-right:0;margin-bottom:0;margin-left:0\">1887<\/p>\n\n\n\n<p><strong>Prix :<\/strong><\/p>\n\n\n\n<p style=\"margin-top:0;margin-right:0;margin-bottom:0;margin-left:0\">18,10\u20ac par personne<\/p>\n\n\n\n<p><strong>Horaire :<\/strong><\/p>\n\n\n\n<p style=\"margin-top:0;margin-right:0;margin-bottom:0;margin-left:0\">Tous les jours de 9 heures \u00e0 minuit<\/p>\n\n\n\n<p><strong>Depuis l&rsquo;h\u00f4tel :<\/strong><\/p>\n\n\n\n<p style=\"margin-top:0;margin-right:0;margin-bottom:0;margin-left:0\">4 km \u2013 46 minutes \u00e0 pied \u2013 ou 30 minutes en m\u00e9tro : ligne 10 de \u00ab Mabillon \u00bb \u00e0 \u00ab La Motte-Picquet \u2013 Grenelle \u00bb.<br\/><\/p>\n\n\n\n<p><strong>Adresse :<\/strong><\/p>\n\n\n\n<p style=\"margin-top:0;margin-right:0;margin-bottom:0;margin-left:0\">5 Avenue Anatole France, 75007 Paris<\/p>\n<\/div>\n\n\n\n<div class=\"wp-block-column is-layout-flow wp-block-column-is-layout-flow\" style=\"--col-width:66.66%;flex-basis:66.66%\">\n<div class=\"wp-block-cover is-light is-style-tw-border-inner\" style=\"min-height:100%;aspect-ratio:unset;\"><img decoding=\"async\" width=\"1024\" height=\"683\" sizes=\"(max-width: 799px) 200vw, (max-width: 1024px) 100vw, 1024px\" class=\"wp-block-cover__image-background wp-image-15319\" alt=\"\" src=\"http:\/\/odeonhotel.fr\/wp-content\/uploads\/2023\/10\/Tour-Eiffel-jpg.webp\" data-object-fit=\"cover\" title=\"\" srcset=\"https:\/\/www.odeonhotel.fr\/wp-content\/uploads\/2023\/10\/Tour-Eiffel-jpg.webp 1024w, https:\/\/www.odeonhotel.fr\/wp-content\/uploads\/2023\/10\/Tour-Eiffel-300x200.webp 300w, https:\/\/www.odeonhotel.fr\/wp-content\/uploads\/2023\/10\/Tour-Eiffel-768x512.webp 768w\" \/><span aria-hidden=\"true\" class=\"wp-block-cover__background has-background-dim-0 has-background-dim\"><\/span><div class=\"wp-block-cover__inner-container has-global-padding is-layout-constrained wp-block-cover-is-layout-constrained\">\n<p class=\"has-text-align-center has-large-font-size\"><\/p>\n\n\n\n<div style=\"height:250px\" aria-hidden=\"true\" class=\"wp-block-spacer\"><\/div>\n<\/div><\/div>\n<\/div>\n<\/div>\n\n<p><strong>Description :<\/strong><\/p>\n\n<p class=\"has-text-align-justify\" style=\"margin-top:0;margin-right:0;margin-bottom:0;margin-left:0\">Bienvenue \u00e0 la magnifique Tour Eiffel, symbole embl\u00e9matique de Paris et merveille d&rsquo;ing\u00e9nierie. S&rsquo;\u00e9levant fi\u00e8rement au-dessus de la ligne d&rsquo;horizon de la ville, cette structure en treillis de fer respire l&rsquo;\u00e9l\u00e9gance et le charme. Au fur et \u00e0 mesure de votre ascension, vous d\u00e9couvrirez des vues panoramiques qui mettent en valeur la beaut\u00e9 de Paris, de la Seine aux grands boulevards. De jour, lorsque la ville s&rsquo;anime, comme de nuit, lorsque la tour illumine le ciel, la tour Eiffel offre une exp\u00e9rience enchanteresse. Vous pourrez y immortaliser des souvenirs, vous r\u00e9galer dans ses restaurants ou tout simplement vous impr\u00e9gner de la magie de cette merveille architecturale qui a conquis les c\u0153urs du monde entier.    <\/p>\n\n<p><strong>Lien :<\/strong> <a href=\"https:\/\/www.toureiffel.paris\/en\" target=\"_blank\" rel=\"noopener\">site internet<\/a><\/p>\n\n<div id=\"OKAYFREEDOM_INJECTED\" style=\"display: none;\"> <\/div>\n\n<div style=\"width: 100%; height: 400px;\">\n  <iframe src=\"https:\/\/www.google.com\/maps?q=Eiffel+Tower,+Paris&#038;output=embed\" frameborder=\"0\" style=\"border:0; width: 100%; height: 100%;\" allowfullscreen=\"\"><\/iframe>\n<\/div>\n\n<div style=\"height:50px\" aria-hidden=\"true\" class=\"wp-block-spacer\"><\/div>\n","protected":false},"excerpt":{"rendered":"<p>Date de cr\u00e9ation : 1887 Prix : 18,10\u20ac par personne Horaire : Tous les jours de 9 heures \u00e0 minuit Depuis l&rsquo;h\u00f4tel : 4 km \u2013 46 minutes \u00e0 pied \u2013 ou 30 minutes en m\u00e9tro : ligne 10 de \u00ab Mabillon \u00bb \u00e0 \u00ab La Motte-Picquet \u2013 Grenelle \u00bb. Adresse : 5 Avenue Anatole [&hellip;]<\/p>\n","protected":false},"author":1,"featured_media":24400,"comment_status":"closed","ping_status":"closed","sticky":false,"template":"post-monuments","format":"standard","meta":{"footnotes":""},"categories":[400],"tags":[],"class_list":["post-8783","post","type-post","status-publish","format-standard","has-post-thumbnail","hentry","category-monuments-fr"],"_links":{"self":[{"href":"https:\/\/www.odeonhotel.fr\/fr\/wp-json\/wp\/v2\/posts\/8783","targetHints":{"allow":["GET"]}}],"collection":[{"href":"https:\/\/www.odeonhotel.fr\/fr\/wp-json\/wp\/v2\/posts"}],"about":[{"href":"https:\/\/www.odeonhotel.fr\/fr\/wp-json\/wp\/v2\/types\/post"}],"author":[{"embeddable":true,"href":"https:\/\/www.odeonhotel.fr\/fr\/wp-json\/wp\/v2\/users\/1"}],"replies":[{"embeddable":true,"href":"https:\/\/www.odeonhotel.fr\/fr\/wp-json\/wp\/v2\/comments?post=8783"}],"version-history":[{"count":3,"href":"https:\/\/www.odeonhotel.fr\/fr\/wp-json\/wp\/v2\/posts\/8783\/revisions"}],"predecessor-version":[{"id":24927,"href":"https:\/\/www.odeonhotel.fr\/fr\/wp-json\/wp\/v2\/posts\/8783\/revisions\/24927"}],"wp:featuredmedia":[{"embeddable":true,"href":"https:\/\/www.odeonhotel.fr\/fr\/wp-json\/wp\/v2\/media\/24400"}],"wp:attachment":[{"href":"https:\/\/www.odeonhotel.fr\/fr\/wp-json\/wp\/v2\/media?parent=8783"}],"wp:term":[{"taxonomy":"category","embeddable":true,"href":"https:\/\/www.odeonhotel.fr\/fr\/wp-json\/wp\/v2\/categories?post=8783"},{"taxonomy":"post_tag","embeddable":true,"href":"https:\/\/www.odeonhotel.fr\/fr\/wp-json\/wp\/v2\/tags?post=8783"}],"curies":[{"name":"wp","href":"https:\/\/api.w.org\/{rel}","templated":true}]}}