{"id":8833,"date":"2016-05-12T13:42:27","date_gmt":"2016-05-12T11:42:27","guid":{"rendered":"http:\/\/www.laperle.tess5418.odns.fr\/non-classifiee\/musee-du-quai-branly\/"},"modified":"2026-01-14T23:31:25","modified_gmt":"2026-01-14T22:31:25","slug":"musee-du-quai-branly","status":"publish","type":"post","link":"https:\/\/www.odeonhotel.fr\/fr\/musees-fr\/musee-du-quai-branly\/","title":{"rendered":"Mus\u00e9e du Quai Branly"},"content":{"rendered":"\n<div class=\"wp-block-columns is-layout-flex wp-container-core-columns-is-layout-d0b3c9c8 wp-block-columns-is-layout-flex\">\n<div class=\"wp-block-column is-layout-flow wp-block-column-is-layout-flow\" style=\"--col-width:33.33%;flex-basis:33.33%\">\n<p><strong>Mus\u00e9e :<\/strong><\/p>\n\n\n\n<p style=\"margin-top:0;margin-right:0;margin-bottom:0;margin-left:0\">Arts primitifs<\/p>\n\n\n\n<p><strong>Quelque chose de sp\u00e9cial :<\/strong><\/p>\n\n\n\n<p style=\"margin-top:0;margin-right:0;margin-bottom:0;margin-left:0\">Le mur v\u00e9g\u00e9tal et la vue sur la Tour Eiffel depuis la terrasse<\/p>\n\n\n\n<p><strong>Horaire :<\/strong><\/p>\n\n\n\n<p style=\"margin-top:0;margin-right:0;margin-bottom:0;margin-left:0\">Tous les jours sauf le lundi, de 11h00 \u00e0 19h00<\/p>\n\n\n\n<p><strong>Depuis l&rsquo;h\u00f4tel :<\/strong><\/p>\n\n\n\n<p style=\"margin-top:0;margin-right:0;margin-bottom:0;margin-left:0\">3,3 km \u2013 42 minutes \u00e0 pied ou 22 minutes en bus 63 depuis \u00ab Seine Buci \u00bb<br\/><\/p>\n\n\n\n<p><strong>Adresse :<\/strong><\/p>\n\n\n\n<p style=\"margin-top:0;margin-right:0;margin-bottom:0;margin-left:0\">37 quai Branly, 75007 Paris<\/p>\n<\/div>\n\n\n\n<div class=\"wp-block-column is-layout-flow wp-block-column-is-layout-flow\" style=\"--col-width:66.66%;flex-basis:66.66%\">\n<div class=\"wp-block-cover is-style-tw-border-inner\" style=\"min-height:100%;aspect-ratio:unset;\"><img decoding=\"async\" width=\"2048\" height=\"1363\" sizes=\"(max-width: 799px) 200vw, (max-width: 2048px) 100vw, 2048px\" class=\"wp-block-cover__image-background wp-image-15359\" alt=\"\" src=\"http:\/\/odeonhotel.fr\/wp-content\/uploads\/2023\/10\/musee-quai-branly.jpg\" style=\"object-position:40% 48%\" data-object-fit=\"cover\" data-object-position=\"40% 48%\" title=\"\" srcset=\"https:\/\/www.odeonhotel.fr\/wp-content\/uploads\/2023\/10\/musee-quai-branly.jpg 2048w, https:\/\/www.odeonhotel.fr\/wp-content\/uploads\/2023\/10\/musee-quai-branly-300x200.webp 300w, https:\/\/www.odeonhotel.fr\/wp-content\/uploads\/2023\/10\/musee-quai-branly-1024x682.webp 1024w, https:\/\/www.odeonhotel.fr\/wp-content\/uploads\/2023\/10\/musee-quai-branly-768x511.webp 768w, https:\/\/www.odeonhotel.fr\/wp-content\/uploads\/2023\/10\/musee-quai-branly-1536x1022.webp 1536w\" \/><span aria-hidden=\"true\" class=\"wp-block-cover__background has-background-dim-0 has-background-dim\"><\/span><div class=\"wp-block-cover__inner-container has-global-padding is-layout-constrained wp-block-cover-is-layout-constrained\">\n<p class=\"has-text-align-center has-large-font-size\"><\/p>\n\n\n\n<div style=\"height:250px\" aria-hidden=\"true\" class=\"wp-block-spacer\"><\/div>\n<\/div><\/div>\n<\/div>\n<\/div>\n\n<p><strong>Description :<\/strong><\/p>\n\n<p class=\"has-text-align-justify\" style=\"margin-top:0;margin-right:0;margin-bottom:0;margin-left:0\">Embarquez pour un voyage de d\u00e9couverte culturelle au mus\u00e9e du quai Branly, un hommage captivant \u00e0 l&rsquo;art et aux civilisations d&rsquo;Afrique, d&rsquo;Asie, d&rsquo;Oc\u00e9anie et des Am\u00e9riques. Nich\u00e9 le long de la Seine, ce joyau architectural abrite une collection riche et vari\u00e9e d&rsquo;\u0153uvres d&rsquo;art, de sculptures, de textiles et d&rsquo;objets d&rsquo;art indig\u00e8nes. Explorez les r\u00e9cits entrelac\u00e9s de diff\u00e9rentes cultures, en vous plongeant dans leurs rituels, leurs traditions et leurs expressions artistiques. Les expositions immersives et les pr\u00e9sentations stimulantes du mus\u00e9e offrent une perspective unique sur le patrimoine culturel mondial. Le mus\u00e9e du quai Branly c\u00e9l\u00e8bre la diversit\u00e9, encourage la compr\u00e9hension et l&rsquo;appr\u00e9ciation interculturelles, et invite les visiteurs \u00e0 \u00e9largir leurs horizons et \u00e0 s&rsquo;engager dans la beaut\u00e9 et la complexit\u00e9 des cultures du monde.    <\/p>\n\n<p><strong>Lien :<\/strong> <a href=\"https:\/\/www.quaibranly.fr\/fr\/billetterie?gclid=CjwKCAjwvdajBhBEEiwAeMh1U55VFDvJ6ksKr_15b3ixzoBmPTosvufHXFfsxb-yVzDMCrGWZppHqRoCzCMQAvD_BwE\" target=\"_blank\" rel=\"noopener\">site internet<\/a><\/p>\n\n<div style=\"width: 100%; height: 400px;\">\n  <iframe src=\"https:\/\/www.google.com\/maps?q=Quai+Branly+Museum,+Paris&#038;output=embed\" frameborder=\"0\" style=\"border:0; width: 100%; height: 100%;\" allowfullscreen=\"\"><\/iframe>\n<\/div>\n\n<div style=\"height:50px\" aria-hidden=\"true\" class=\"wp-block-spacer\"><\/div>\n","protected":false},"excerpt":{"rendered":"<p>Mus\u00e9e : Arts primitifs Quelque chose de sp\u00e9cial : Le mur v\u00e9g\u00e9tal et la vue sur la Tour Eiffel depuis la terrasse Horaire : Tous les jours sauf le lundi, de 11h00 \u00e0 19h00 Depuis l&rsquo;h\u00f4tel : 3,3 km \u2013 42 minutes \u00e0 pied ou 22 minutes en bus 63 depuis \u00ab Seine Buci \u00bb [&hellip;]<\/p>\n","protected":false},"author":1,"featured_media":24456,"comment_status":"closed","ping_status":"closed","sticky":false,"template":"post-musees","format":"standard","meta":{"footnotes":""},"categories":[408],"tags":[],"class_list":["post-8833","post","type-post","status-publish","format-standard","has-post-thumbnail","hentry","category-musees-fr"],"_links":{"self":[{"href":"https:\/\/www.odeonhotel.fr\/fr\/wp-json\/wp\/v2\/posts\/8833","targetHints":{"allow":["GET"]}}],"collection":[{"href":"https:\/\/www.odeonhotel.fr\/fr\/wp-json\/wp\/v2\/posts"}],"about":[{"href":"https:\/\/www.odeonhotel.fr\/fr\/wp-json\/wp\/v2\/types\/post"}],"author":[{"embeddable":true,"href":"https:\/\/www.odeonhotel.fr\/fr\/wp-json\/wp\/v2\/users\/1"}],"replies":[{"embeddable":true,"href":"https:\/\/www.odeonhotel.fr\/fr\/wp-json\/wp\/v2\/comments?post=8833"}],"version-history":[{"count":3,"href":"https:\/\/www.odeonhotel.fr\/fr\/wp-json\/wp\/v2\/posts\/8833\/revisions"}],"predecessor-version":[{"id":24945,"href":"https:\/\/www.odeonhotel.fr\/fr\/wp-json\/wp\/v2\/posts\/8833\/revisions\/24945"}],"wp:featuredmedia":[{"embeddable":true,"href":"https:\/\/www.odeonhotel.fr\/fr\/wp-json\/wp\/v2\/media\/24456"}],"wp:attachment":[{"href":"https:\/\/www.odeonhotel.fr\/fr\/wp-json\/wp\/v2\/media?parent=8833"}],"wp:term":[{"taxonomy":"category","embeddable":true,"href":"https:\/\/www.odeonhotel.fr\/fr\/wp-json\/wp\/v2\/categories?post=8833"},{"taxonomy":"post_tag","embeddable":true,"href":"https:\/\/www.odeonhotel.fr\/fr\/wp-json\/wp\/v2\/tags?post=8833"}],"curies":[{"name":"wp","href":"https:\/\/api.w.org\/{rel}","templated":true}]}}