{"id":8909,"date":"2016-05-12T13:49:16","date_gmt":"2016-05-12T11:49:16","guid":{"rendered":"http:\/\/www.laperle.tess5418.odns.fr\/non-classifiee\/la-vallee-village\/"},"modified":"2026-01-13T21:48:08","modified_gmt":"2026-01-13T20:48:08","slug":"la-vallee-village","status":"publish","type":"post","link":"https:\/\/www.odeonhotel.fr\/fr\/shopping-fr\/la-vallee-village\/","title":{"rendered":"La Vall\u00e9e Village"},"content":{"rendered":"\n<div class=\"wp-block-columns is-layout-flex wp-container-core-columns-is-layout-d0b3c9c8 wp-block-columns-is-layout-flex\">\n<div class=\"wp-block-column is-layout-flow wp-block-column-is-layout-flow\" style=\"--col-width:33.33%;flex-basis:33.33%\">\n<p><strong>Magasins :<\/strong><\/p>\n\n\n\n<p style=\"margin-top:0;margin-right:0;margin-bottom:0;margin-left:0\">Magasins d&rsquo;usine<\/p>\n\n\n\n<p><strong>Quelque chose de sp\u00e9cial :<\/strong><\/p>\n\n\n\n<p style=\"margin-top:0;margin-right:0;margin-bottom:0;margin-left:0\">De nombreuses marques avec de bonnes r\u00e9ductions<\/p>\n\n\n\n<p><strong>Horaire :<\/strong><\/p>\n\n\n\n<p style=\"margin-top:0;margin-right:0;margin-bottom:0;margin-left:0\">Tous les jours de 10h00 \u00e0 20h00<\/p>\n\n\n\n<p><strong>Depuis l&rsquo;h\u00f4tel :<\/strong><\/p>\n\n\n\n<p style=\"margin-top:0;margin-right:0;margin-bottom:0;margin-left:0\">35,3 km &#8211; 70 minutes en RER Ligne C de \u00ab\u00a0Saint Michel &#8211; Notre Dame\u00a0\u00bb \u00e0 \u00ab\u00a0Ch\u00e2telet\u00a0\u00bb puis RER A de \u00ab\u00a0Ch\u00e2telet\u00a0\u00bb \u00e0 \u00ab\u00a0Val d&rsquo;Europe\u00a0\u00bb.<\/p>\n\n\n\n<p><strong>Adresse :<\/strong><\/p>\n\n\n\n<p style=\"margin-top:0;margin-right:0;margin-bottom:0;margin-left:0\">3 cours de la Garonne, 77700 Serris<\/p>\n<\/div>\n\n\n\n<div class=\"wp-block-column is-layout-flow wp-block-column-is-layout-flow\" style=\"--col-width:66.66%;flex-basis:66.66%\">\n<div class=\"wp-block-cover is-light is-style-tw-border-inner\" style=\"min-height:100%;aspect-ratio:unset;\"><span aria-hidden=\"true\" class=\"wp-block-cover__background has-background-dim-0 has-background-dim\"><\/span><img decoding=\"async\" width=\"1200\" height=\"1200\" sizes=\"(max-width: 799px) 200vw, (max-width: 1200px) 100vw, 1200px\" class=\"wp-block-cover__image-background wp-image-15557\" alt=\"\" src=\"http:\/\/odeonhotel.fr\/wp-content\/uploads\/2023\/10\/La-Vallee-village-jpg.webp\" data-object-fit=\"cover\" title=\"\" srcset=\"https:\/\/www.odeonhotel.fr\/wp-content\/uploads\/2023\/10\/La-Vallee-village-jpg.webp 1200w, https:\/\/www.odeonhotel.fr\/wp-content\/uploads\/2023\/10\/La-Vallee-village-300x300.webp 300w, https:\/\/www.odeonhotel.fr\/wp-content\/uploads\/2023\/10\/La-Vallee-village-1024x1024.webp 1024w, https:\/\/www.odeonhotel.fr\/wp-content\/uploads\/2023\/10\/La-Vallee-village-150x150.webp 150w, https:\/\/www.odeonhotel.fr\/wp-content\/uploads\/2023\/10\/La-Vallee-village-768x768.webp 768w\" \/><div class=\"wp-block-cover__inner-container has-global-padding is-layout-constrained wp-block-cover-is-layout-constrained\">\n<p class=\"has-text-align-center has-large-font-size\"><\/p>\n\n\n\n<div style=\"height:250px\" aria-hidden=\"true\" class=\"wp-block-spacer\"><\/div>\n<\/div><\/div>\n<\/div>\n<\/div>\n\n<p><strong>Description :<\/strong><\/p>\n\n<p class=\"has-text-align-justify\" style=\"margin-top:0;margin-right:0;margin-bottom:0;margin-left:0\">La Vall\u00e9e Village \u00e0 Paris est une destination de premier choix pour le shopping de luxe situ\u00e9 juste \u00e0 l&rsquo;ext\u00e9rieur du centre ville. Ce complexe tentaculaire de style village offre une exp\u00e9rience de shopping unique avec plus de 120 marques prestigieuses offrant des r\u00e9ductions allant jusqu&rsquo;\u00e0 50 % tout au long de l&rsquo;ann\u00e9e. Au milieu de rues charmantes et de boutiques pittoresques, les visiteurs peuvent d\u00e9couvrir un large \u00e9ventail de marques de mode, d&rsquo;accessoires, de produits de beaut\u00e9 et de d\u00e9coration d&rsquo;int\u00e9rieur. Les restaurants et les caf\u00e9s sont des endroits parfaits pour se d\u00e9tendre et se ressourcer. Avec son m\u00e9lange de mode haut de gamme et de prix attractifs, La Vall\u00e9e Village est une destination incontournable pour les acheteurs avis\u00e9s qui souhaitent s&rsquo;offrir du luxe sans se ruiner.    <\/p>\n\n<p><strong>Lien<\/strong> : <a href=\"https:\/\/www.thebicestercollection.com\/la-vallee-village\/fr\" target=\"_blank\" rel=\"noopener\">site internet<\/a><\/p>\n\n<div style=\"width: 100%; height: 400px;\">\n  <iframe width=\"100%\" height=\"100%\" frameborder=\"0\" scrolling=\"no\" marginheight=\"0\" marginwidth=\"0\" src=\"https:\/\/www.google.com\/maps?q=La+Vall%C3%A9e+Village+Paris&#038;output=embed\" aria-label=\"La Vall\u00e9e Village location\" title=\"La Vall\u00e9e Village Localisation\"><\/iframe>\n<\/div>\n\n<div style=\"height:50px\" aria-hidden=\"true\" class=\"wp-block-spacer\"><\/div>\n","protected":false},"excerpt":{"rendered":"<p>Magasins : Magasins d&rsquo;usine Quelque chose de sp\u00e9cial : De nombreuses marques avec de bonnes r\u00e9ductions Horaire : Tous les jours de 10h00 \u00e0 20h00 Depuis l&rsquo;h\u00f4tel : 35,3 km &#8211; 70 minutes en RER Ligne C de \u00ab\u00a0Saint Michel &#8211; Notre Dame\u00a0\u00bb \u00e0 \u00ab\u00a0Ch\u00e2telet\u00a0\u00bb puis RER A de \u00ab\u00a0Ch\u00e2telet\u00a0\u00bb \u00e0 \u00ab\u00a0Val d&rsquo;Europe\u00a0\u00bb. Adresse : [&hellip;]<\/p>\n","protected":false},"author":1,"featured_media":24816,"comment_status":"closed","ping_status":"closed","sticky":false,"template":"post-shopping","format":"standard","meta":{"footnotes":""},"categories":[436],"tags":[],"class_list":["post-8909","post","type-post","status-publish","format-standard","has-post-thumbnail","hentry","category-shopping-fr"],"_links":{"self":[{"href":"https:\/\/www.odeonhotel.fr\/fr\/wp-json\/wp\/v2\/posts\/8909","targetHints":{"allow":["GET"]}}],"collection":[{"href":"https:\/\/www.odeonhotel.fr\/fr\/wp-json\/wp\/v2\/posts"}],"about":[{"href":"https:\/\/www.odeonhotel.fr\/fr\/wp-json\/wp\/v2\/types\/post"}],"author":[{"embeddable":true,"href":"https:\/\/www.odeonhotel.fr\/fr\/wp-json\/wp\/v2\/users\/1"}],"replies":[{"embeddable":true,"href":"https:\/\/www.odeonhotel.fr\/fr\/wp-json\/wp\/v2\/comments?post=8909"}],"version-history":[{"count":2,"href":"https:\/\/www.odeonhotel.fr\/fr\/wp-json\/wp\/v2\/posts\/8909\/revisions"}],"predecessor-version":[{"id":20625,"href":"https:\/\/www.odeonhotel.fr\/fr\/wp-json\/wp\/v2\/posts\/8909\/revisions\/20625"}],"wp:featuredmedia":[{"embeddable":true,"href":"https:\/\/www.odeonhotel.fr\/fr\/wp-json\/wp\/v2\/media\/24816"}],"wp:attachment":[{"href":"https:\/\/www.odeonhotel.fr\/fr\/wp-json\/wp\/v2\/media?parent=8909"}],"wp:term":[{"taxonomy":"category","embeddable":true,"href":"https:\/\/www.odeonhotel.fr\/fr\/wp-json\/wp\/v2\/categories?post=8909"},{"taxonomy":"post_tag","embeddable":true,"href":"https:\/\/www.odeonhotel.fr\/fr\/wp-json\/wp\/v2\/tags?post=8909"}],"curies":[{"name":"wp","href":"https:\/\/api.w.org\/{rel}","templated":true}]}}