{"id":8397,"date":"2016-05-12T13:48:03","date_gmt":"2016-05-12T11:48:03","guid":{"rendered":"http:\/\/www.laperle.tess5418.odns.fr\/sem-categoria\/spa-bel-ami\/"},"modified":"2026-01-16T16:52:45","modified_gmt":"2026-01-16T15:52:45","slug":"spa-bel-ami","status":"publish","type":"post","link":"https:\/\/www.odeonhotel.fr\/pt-pt\/bem-estar-pt-pt\/spa-bel-ami\/","title":{"rendered":"Spa Bel Ami"},"content":{"rendered":"\n<div class=\"wp-block-columns is-layout-flex wp-container-core-columns-is-layout-d0b3c9c8 wp-block-columns-is-layout-flex\">\n<div class=\"wp-block-column is-layout-flow wp-block-column-is-layout-flow\" style=\"--col-width:33.33%;flex-basis:33.33%\">\n<p><strong>Bem-estar<\/strong><\/p>\n\n\n\n<p style=\"margin-top:0\">Spa<\/p>\n\n\n\n<p><strong>Pre\u00e7o :<\/strong><\/p>\n\n\n\n<p style=\"margin-top:0;margin-right:0;margin-bottom:0;margin-left:0\">90 \u20ac por 1 hora de massagem<\/p>\n\n\n\n<p><strong>Algo especial :<\/strong><\/p>\n\n\n\n<p style=\"margin-top:0;margin-right:0;margin-bottom:0;margin-left:0\">Academia de gin\u00e1stica inclu\u00edda<\/p>\n\n\n\n<p><strong>Hor\u00e1rio :<\/strong><\/p>\n\n\n\n<p style=\"margin-top:0;margin-right:0;margin-bottom:0;margin-left:0\">Todos os dias, exceto segunda e domingo, das 13h \u00e0s 21h<\/p>\n\n\n\n<p><strong>Do hotel:<\/strong><\/p>\n\n\n\n<p style=\"margin-top:0;margin-right:0;margin-bottom:0;margin-left:0\">550 metros \u2013 7 minutos a p\u00e9<\/p>\n\n\n\n<p><strong>Endere\u00e7o :<\/strong><\/p>\n\n\n\n<p style=\"margin-top:0;margin-right:0;margin-bottom:0;margin-left:0\">7 rue Saint Benoit, 75006 Paris<\/p>\n<\/div>\n\n\n\n<div class=\"wp-block-column is-layout-flow wp-block-column-is-layout-flow\" style=\"--col-width:66.66%;flex-basis:66.66%\">\n<div class=\"wp-block-cover is-style-tw-border-inner\" style=\"min-height:100%;aspect-ratio:unset;\"><img decoding=\"async\" width=\"1024\" height=\"800\" sizes=\"(max-width: 799px) 200vw, (max-width: 1024px) 100vw, 1024px\" class=\"wp-block-cover__image-background wp-image-24641 size-full\" alt=\"\" src=\"http:\/\/odeonhotel.fr\/wp-content\/uploads\/2016\/05\/spa-bel-ami-2.jpg\" data-object-fit=\"cover\" title=\"\" srcset=\"https:\/\/www.odeonhotel.fr\/wp-content\/uploads\/2016\/05\/spa-bel-ami-2.jpg 1024w, https:\/\/www.odeonhotel.fr\/wp-content\/uploads\/2016\/05\/spa-bel-ami-2-300x234.jpg 300w, https:\/\/www.odeonhotel.fr\/wp-content\/uploads\/2016\/05\/spa-bel-ami-2-768x600.jpg 768w\" \/><span aria-hidden=\"true\" class=\"wp-block-cover__background has-background-dim-0 has-background-dim\" style=\"background-color:#a17b6e\"><\/span><div class=\"wp-block-cover__inner-container has-global-padding is-layout-constrained wp-block-cover-is-layout-constrained\">\n<p class=\"has-text-align-center has-large-font-size\"><\/p>\n\n\n\n<div style=\"height:250px\" aria-hidden=\"true\" class=\"wp-block-spacer\"><\/div>\n<\/div><\/div>\n<\/div>\n<\/div>\n\n<p><strong>Descri\u00e7\u00e3o :<\/strong><\/p>\n\n<p class=\"has-text-align-justify\" style=\"margin-top:0;margin-right:0;margin-bottom:0;margin-left:0\">Experimenta o ep\u00edtome do luxo e do relaxamento no Spa Bel Ami em Paris. Este santu\u00e1rio exclusivo oferece-te um ref\u00fagio de serenidade no meio da agita\u00e7\u00e3o da cidade. Desfruta de uma gama de tratamentos rejuvenescedores, desde massagens deliciosas a tratamentos faciais revitalizantes, adaptados \u00e0s tuas necessidades. Mergulha no ambiente elegante e deixa que os terapeutas qualificados te transportem para um estado de puro \u00eaxtase. O spa disp\u00f5e de instala\u00e7\u00f5es topo de gama, incluindo uma sala de vapor e uma sauna, perfeitas para descontrair e desintoxicar. Quer procures um momento de tranquilidade ou um retiro de bem-estar completo, o Spa Bel Ami promete uma fuga inesquec\u00edvel para a tua mente, corpo e alma.     <\/p>\n\n<div style=\"width: 100%; height: 400px;\">\n  <iframe width=\"100%\" height=\"100%\" frameborder=\"0\" scrolling=\"no\" marginheight=\"0\" marginwidth=\"0\" src=\"https:\/\/www.google.com\/maps?q=Hotel+Bel+Ami+Paris&#038;output=embed\" aria-label=\"Hotel Bel Ami location\" title=\"Hotel Bel Ami Localiza\u00e7\u00e3o\"><\/iframe>\n<\/div>\n\n<div style=\"height:50px\" aria-hidden=\"true\" class=\"wp-block-spacer\"><\/div>\n","protected":false},"excerpt":{"rendered":"<p>Bem-estar Spa Pre\u00e7o : 90 \u20ac por 1 hora de massagem Algo especial : Academia de gin\u00e1stica inclu\u00edda Hor\u00e1rio : Todos os dias, exceto segunda e domingo, das 13h \u00e0s 21h Do hotel: 550 metros \u2013 7 minutos a p\u00e9 Endere\u00e7o : 7 rue Saint Benoit, 75006 Paris Descri\u00e7\u00e3o : Experimenta o ep\u00edtome do luxo [&hellip;]<\/p>\n","protected":false},"author":1,"featured_media":24655,"comment_status":"closed","ping_status":"closed","sticky":false,"template":"post-wellbeing","format":"standard","meta":{"footnotes":""},"categories":[386],"tags":[],"class_list":["post-8397","post","type-post","status-publish","format-standard","has-post-thumbnail","hentry","category-bem-estar-pt-pt"],"_links":{"self":[{"href":"https:\/\/www.odeonhotel.fr\/pt-pt\/wp-json\/wp\/v2\/posts\/8397","targetHints":{"allow":["GET"]}}],"collection":[{"href":"https:\/\/www.odeonhotel.fr\/pt-pt\/wp-json\/wp\/v2\/posts"}],"about":[{"href":"https:\/\/www.odeonhotel.fr\/pt-pt\/wp-json\/wp\/v2\/types\/post"}],"author":[{"embeddable":true,"href":"https:\/\/www.odeonhotel.fr\/pt-pt\/wp-json\/wp\/v2\/users\/1"}],"replies":[{"embeddable":true,"href":"https:\/\/www.odeonhotel.fr\/pt-pt\/wp-json\/wp\/v2\/comments?post=8397"}],"version-history":[{"count":6,"href":"https:\/\/www.odeonhotel.fr\/pt-pt\/wp-json\/wp\/v2\/posts\/8397\/revisions"}],"predecessor-version":[{"id":25076,"href":"https:\/\/www.odeonhotel.fr\/pt-pt\/wp-json\/wp\/v2\/posts\/8397\/revisions\/25076"}],"wp:featuredmedia":[{"embeddable":true,"href":"https:\/\/www.odeonhotel.fr\/pt-pt\/wp-json\/wp\/v2\/media\/24655"}],"wp:attachment":[{"href":"https:\/\/www.odeonhotel.fr\/pt-pt\/wp-json\/wp\/v2\/media?parent=8397"}],"wp:term":[{"taxonomy":"category","embeddable":true,"href":"https:\/\/www.odeonhotel.fr\/pt-pt\/wp-json\/wp\/v2\/categories?post=8397"},{"taxonomy":"post_tag","embeddable":true,"href":"https:\/\/www.odeonhotel.fr\/pt-pt\/wp-json\/wp\/v2\/tags?post=8397"}],"curies":[{"name":"wp","href":"https:\/\/api.w.org\/{rel}","templated":true}]}}