{"id":8492,"date":"2016-05-12T13:47:19","date_gmt":"2016-05-12T11:47:19","guid":{"rendered":"http:\/\/www.laperle.tess5418.odns.fr\/sem-categoria\/jardim-de-luxemburgo\/"},"modified":"2026-01-16T17:00:56","modified_gmt":"2026-01-16T16:00:56","slug":"jardim-de-luxemburgo","status":"publish","type":"post","link":"https:\/\/www.odeonhotel.fr\/pt-pt\/bem-estar-pt-pt\/jardim-de-luxemburgo\/","title":{"rendered":"Jardim de Luxemburgo"},"content":{"rendered":"\n<div class=\"wp-block-columns is-layout-flex wp-container-core-columns-is-layout-d0b3c9c8 wp-block-columns-is-layout-flex\">\n<div class=\"wp-block-column is-layout-flow wp-block-column-is-layout-flow\" style=\"--col-width:33.33%;flex-basis:33.33%\">\n<p><strong>Bem-estar :<\/strong><\/p>\n\n\n\n<p style=\"margin-top:0;margin-right:0;margin-bottom:0;margin-left:0\">Jardim<\/p>\n\n\n\n<p><strong>Pre\u00e7o :<\/strong><\/p>\n\n\n\n<p style=\"margin-top:0;margin-right:0;margin-bottom:0;margin-left:0\">Gr\u00e1tis<\/p>\n\n\n\n<p><strong>Algo especial :<\/strong><\/p>\n\n\n\n<p style=\"margin-top:0;margin-right:0;margin-bottom:0;margin-left:0\">Dist\u00e2ncia de corrida do hotel<\/p>\n\n\n\n<p><strong>Hor\u00e1rio :<\/strong><\/p>\n\n\n\n<p style=\"margin-top:0;margin-right:0;margin-bottom:0;margin-left:0\">Todos os dias das 7:30 \u00e0s 20:00 \/tamb\u00e9m dependendo do per\u00edodo do ano<\/p>\n\n\n\n<p><strong>Do hotel:<\/strong><\/p>\n\n\n\n<p style=\"margin-top:0;margin-right:0;margin-bottom:0;margin-left:0\">500 metros \u2013 6 minutos a p\u00e9<br\/><\/p>\n\n\n\n<p><strong>Endere\u00e7o :<\/strong><\/p>\n\n\n\n<p style=\"margin-top:0;margin-right:0;margin-bottom:0;margin-left:0\">Jardin du Luxembourg, 75006 Paris<\/p>\n<\/div>\n\n\n\n<div class=\"wp-block-column is-layout-flow wp-block-column-is-layout-flow\" style=\"--col-width:66.66%;flex-basis:66.66%\">\n<div class=\"wp-block-cover is-light is-style-tw-border-inner\" style=\"min-height:100%;aspect-ratio:unset;\"><img decoding=\"async\" width=\"1024\" height=\"800\" sizes=\"(max-width: 799px) 200vw, (max-width: 1024px) 100vw, 1024px\" class=\"wp-block-cover__image-background wp-image-24593 size-full\" alt=\"\" src=\"http:\/\/odeonhotel.fr\/wp-content\/uploads\/2016\/05\/JARDIN-LUXEMBOURG-2.jpg\" data-object-fit=\"cover\" title=\"\" srcset=\"https:\/\/www.odeonhotel.fr\/wp-content\/uploads\/2016\/05\/JARDIN-LUXEMBOURG-2.jpg 1024w, https:\/\/www.odeonhotel.fr\/wp-content\/uploads\/2016\/05\/JARDIN-LUXEMBOURG-2-300x234.jpg 300w, https:\/\/www.odeonhotel.fr\/wp-content\/uploads\/2016\/05\/JARDIN-LUXEMBOURG-2-768x600.jpg 768w\" \/><span aria-hidden=\"true\" class=\"wp-block-cover__background has-background-dim-0 has-background-dim\" style=\"background-color:#7f8973\"><\/span><div class=\"wp-block-cover__inner-container has-global-padding is-layout-constrained wp-block-cover-is-layout-constrained\">\n<p class=\"has-text-align-center has-large-font-size\"><\/p>\n\n\n\n<div style=\"height:250px\" aria-hidden=\"true\" class=\"wp-block-spacer\"><\/div>\n<\/div><\/div>\n<\/div>\n<\/div>\n\n<p><strong>Descri\u00e7\u00e3o :<\/strong><\/p>\n\n<p class=\"has-text-align-justify\" style=\"margin-top:0;margin-right:0;margin-bottom:0;margin-left:0\">O Jardim do Luxemburgo, em Paris, \u00e9 um o\u00e1sis de paz e eleg\u00e2ncia no cora\u00e7\u00e3o da cidade. Amplos caminhos de cascalho atravessam relvados verdes, canteiros de flores coloridos e filas de castanheiras. O belo Pal\u00e1cio do Luxemburgo domina uma grande fonte octogonal onde as crian\u00e7as fazem navegar pequenos barcos. As pessoas leem, passeiam e relaxam nas famosas cadeiras verdes. Est\u00e1tuas de rainhas e escritores acrescentam hist\u00f3ria e charme ao local. Os p\u00e1ssaros cantam suavemente e o ar \u00e9 calmo e fresco.<br\/>O jardim mistura natureza, arte e cultura, oferecendo um lugar perfeito para descansar e apreciar a vida parisiense. Recebe visitantes durante todo o ano, com beleza e serenidade.        <\/p>\n\n<div style=\"width: 100%; height: 400px;\">\n  <iframe width=\"100%\" height=\"100%\" frameborder=\"0\" scrolling=\"no\" marginheight=\"0\" marginwidth=\"0\" src=\"https:\/\/www.google.com\/maps?q=Luxembourg+Garden+Paris&#038;output=embed\" aria-label=\"Luxembourg Garden location\" title=\"Jardim de Luxemburgo Localiza\u00e7\u00e3o\"><\/iframe>\n<\/div>\n","protected":false},"excerpt":{"rendered":"<p>Bem-estar : Jardim Pre\u00e7o : Gr\u00e1tis Algo especial : Dist\u00e2ncia de corrida do hotel Hor\u00e1rio : Todos os dias das 7:30 \u00e0s 20:00 \/tamb\u00e9m dependendo do per\u00edodo do ano Do hotel: 500 metros \u2013 6 minutos a p\u00e9 Endere\u00e7o : Jardin du Luxembourg, 75006 Paris Descri\u00e7\u00e3o : O Jardim do Luxemburgo, em Paris, \u00e9 um [&hellip;]<\/p>\n","protected":false},"author":1,"featured_media":24607,"comment_status":"closed","ping_status":"closed","sticky":false,"template":"post-wellbeing","format":"standard","meta":{"footnotes":""},"categories":[386],"tags":[],"class_list":["post-8492","post","type-post","status-publish","format-standard","has-post-thumbnail","hentry","category-bem-estar-pt-pt"],"_links":{"self":[{"href":"https:\/\/www.odeonhotel.fr\/pt-pt\/wp-json\/wp\/v2\/posts\/8492","targetHints":{"allow":["GET"]}}],"collection":[{"href":"https:\/\/www.odeonhotel.fr\/pt-pt\/wp-json\/wp\/v2\/posts"}],"about":[{"href":"https:\/\/www.odeonhotel.fr\/pt-pt\/wp-json\/wp\/v2\/types\/post"}],"author":[{"embeddable":true,"href":"https:\/\/www.odeonhotel.fr\/pt-pt\/wp-json\/wp\/v2\/users\/1"}],"replies":[{"embeddable":true,"href":"https:\/\/www.odeonhotel.fr\/pt-pt\/wp-json\/wp\/v2\/comments?post=8492"}],"version-history":[{"count":4,"href":"https:\/\/www.odeonhotel.fr\/pt-pt\/wp-json\/wp\/v2\/posts\/8492\/revisions"}],"predecessor-version":[{"id":25141,"href":"https:\/\/www.odeonhotel.fr\/pt-pt\/wp-json\/wp\/v2\/posts\/8492\/revisions\/25141"}],"wp:featuredmedia":[{"embeddable":true,"href":"https:\/\/www.odeonhotel.fr\/pt-pt\/wp-json\/wp\/v2\/media\/24607"}],"wp:attachment":[{"href":"https:\/\/www.odeonhotel.fr\/pt-pt\/wp-json\/wp\/v2\/media?parent=8492"}],"wp:term":[{"taxonomy":"category","embeddable":true,"href":"https:\/\/www.odeonhotel.fr\/pt-pt\/wp-json\/wp\/v2\/categories?post=8492"},{"taxonomy":"post_tag","embeddable":true,"href":"https:\/\/www.odeonhotel.fr\/pt-pt\/wp-json\/wp\/v2\/tags?post=8492"}],"curies":[{"name":"wp","href":"https:\/\/api.w.org\/{rel}","templated":true}]}}