{"id":8616,"date":"2016-05-12T13:42:39","date_gmt":"2016-05-12T11:42:39","guid":{"rendered":"http:\/\/www.laperle.tess5418.odns.fr\/sem-categoria\/museu-rodin\/"},"modified":"2026-01-14T23:22:36","modified_gmt":"2026-01-14T22:22:36","slug":"museu-rodin","status":"publish","type":"post","link":"https:\/\/www.odeonhotel.fr\/pt-pt\/museus-pt-pt\/museu-rodin\/","title":{"rendered":"Museu de Cluny"},"content":{"rendered":"\n<div class=\"wp-block-columns is-layout-flex wp-container-core-columns-is-layout-d0b3c9c8 wp-block-columns-is-layout-flex\">\n<div class=\"wp-block-column is-layout-flow wp-block-column-is-layout-flow\" style=\"--col-width:33.33%;flex-basis:33.33%\">\n<p><strong>Museu :<\/strong><\/p>\n\n\n\n<p style=\"margin-top:0;margin-right:0;margin-bottom:0;margin-left:0\">Museu da Idade M\u00e9dia<\/p>\n\n\n\n<p style=\"margin-top:0;margin-right:0;margin-bottom:0;margin-left:0\"><strong>Hor\u00e1rio :<\/strong><\/p>\n\n\n\n<p style=\"margin-top:0;margin-right:0;margin-bottom:0;margin-left:0\">Todos os dias, exceto segunda-feira, das 9h30min \u00e0s 18h15min<\/p>\n\n\n\n<p><strong>Do hotel:<\/strong><\/p>\n\n\n\n<p style=\"margin-top:0;margin-right:0;margin-bottom:0;margin-left:0\">500 metros \u2013 6 minutos a p\u00e9<br\/><\/p>\n\n\n\n<p><strong>Endere\u00e7o :<\/strong><\/p>\n\n\n\n<p style=\"margin-top:0;margin-right:0;margin-bottom:0;margin-left:0\">28 rue Du Sommerard, 75005 Paris<\/p>\n<\/div>\n\n\n\n<div class=\"wp-block-column is-layout-flow wp-block-column-is-layout-flow\" style=\"--col-width:66.66%;flex-basis:66.66%\">\n<div class=\"wp-block-cover is-light is-style-tw-border-inner\" style=\"min-height:100%;aspect-ratio:unset;\"><img decoding=\"async\" width=\"600\" height=\"400\" sizes=\"(max-width: 799px) 200vw, (max-width: 600px) 100vw, 600px\" class=\"wp-block-cover__image-background wp-image-19837\" alt=\"\" src=\"http:\/\/odeonhotel.fr\/wp-content\/uploads\/2016\/05\/cluny-grand.jpg\" style=\"object-position:75% 91%\" data-object-fit=\"cover\" data-object-position=\"75% 91%\" title=\"\" srcset=\"https:\/\/www.odeonhotel.fr\/wp-content\/uploads\/2016\/05\/cluny-grand.jpg 600w, https:\/\/www.odeonhotel.fr\/wp-content\/uploads\/2016\/05\/cluny-grand-300x200.jpg 300w\" \/><span aria-hidden=\"true\" class=\"wp-block-cover__background has-background-dim-0 has-background-dim\" style=\"background-color:#8b909a\"><\/span><div class=\"wp-block-cover__inner-container has-global-padding is-layout-constrained wp-block-cover-is-layout-constrained\">\n<p class=\"has-text-align-center has-large-font-size\"><\/p>\n\n\n\n<div style=\"height:250px\" aria-hidden=\"true\" class=\"wp-block-spacer\"><\/div>\n<\/div><\/div>\n<\/div>\n<\/div>\n\n<p><strong>Descri\u00e7\u00e3o :<\/strong><\/p>\n\n<p class=\"has-text-align-justify\" style=\"margin-top:0;margin-right:0;margin-bottom:0;margin-left:0\">O Mus\u00e9e de Cluny, localizado no cora\u00e7\u00e3o de Paris, \u00e9 dedicado \u00e0 arte e \u00e0 hist\u00f3ria medievais. Instalado em uma mans\u00e3o g\u00f3tica do s\u00e9culo XV, que j\u00e1 foi resid\u00eancia de abades de Cluny, tamb\u00e9m inclui as ru\u00ednas de antigos banhos romanos. O museu \u00e9 famoso por sua impressionante cole\u00e7\u00e3o de artefatos medievais, incluindo tape\u00e7arias, esculturas, vitrais e manuscritos iluminados. Sua exposi\u00e7\u00e3o mais famosa \u00e9 a s\u00e9rie de tape\u00e7arias \u201cA Dama e o Unic\u00f3rnio\u201d, que simboliza os cinco sentidos. A mistura de arquitetura rom\u00e2nica e g\u00f3tica, combinada com sua arte, torna o museu um destino importante para explorar a era medieval na Fran\u00e7a.    <\/p>\n\n<p><strong>Link :<\/strong> <a href=\"https:\/\/www.musee-moyenage.fr\/en\/\" target=\"_blank\" rel=\"noopener\">website<\/a><\/p>\n\n<div id=\"OKAYFREEDOM_INJECTED\" style=\"display: none;\"> <\/div>\n\n<div style=\"width: 100%; height: 400px;\">\n  <iframe src=\"https:\/\/www.google.com\/maps?q=Musee+de+cluny,+Paris&#038;output=embed\" frameborder=\"0\" style=\"border:0; width: 100%; height: 100%;\" allowfullscreen=\"\"><\/iframe>\n<\/div>\n\n<div style=\"height:50px\" aria-hidden=\"true\" class=\"wp-block-spacer\"><\/div>\n","protected":false},"excerpt":{"rendered":"<p>Museu : Museu da Idade M\u00e9dia Hor\u00e1rio : Todos os dias, exceto segunda-feira, das 9h30min \u00e0s 18h15min Do hotel: 500 metros \u2013 6 minutos a p\u00e9 Endere\u00e7o : 28 rue Du Sommerard, 75005 Paris Descri\u00e7\u00e3o : O Mus\u00e9e de Cluny, localizado no cora\u00e7\u00e3o de Paris, \u00e9 dedicado \u00e0 arte e \u00e0 hist\u00f3ria medievais. Instalado em [&hellip;]<\/p>\n","protected":false},"author":1,"featured_media":24428,"comment_status":"closed","ping_status":"closed","sticky":false,"template":"post-musees","format":"standard","meta":{"footnotes":""},"categories":[411],"tags":[],"class_list":["post-8616","post","type-post","status-publish","format-standard","has-post-thumbnail","hentry","category-museus-pt-pt"],"_links":{"self":[{"href":"https:\/\/www.odeonhotel.fr\/pt-pt\/wp-json\/wp\/v2\/posts\/8616","targetHints":{"allow":["GET"]}}],"collection":[{"href":"https:\/\/www.odeonhotel.fr\/pt-pt\/wp-json\/wp\/v2\/posts"}],"about":[{"href":"https:\/\/www.odeonhotel.fr\/pt-pt\/wp-json\/wp\/v2\/types\/post"}],"author":[{"embeddable":true,"href":"https:\/\/www.odeonhotel.fr\/pt-pt\/wp-json\/wp\/v2\/users\/1"}],"replies":[{"embeddable":true,"href":"https:\/\/www.odeonhotel.fr\/pt-pt\/wp-json\/wp\/v2\/comments?post=8616"}],"version-history":[{"count":3,"href":"https:\/\/www.odeonhotel.fr\/pt-pt\/wp-json\/wp\/v2\/posts\/8616\/revisions"}],"predecessor-version":[{"id":24938,"href":"https:\/\/www.odeonhotel.fr\/pt-pt\/wp-json\/wp\/v2\/posts\/8616\/revisions\/24938"}],"wp:featuredmedia":[{"embeddable":true,"href":"https:\/\/www.odeonhotel.fr\/pt-pt\/wp-json\/wp\/v2\/media\/24428"}],"wp:attachment":[{"href":"https:\/\/www.odeonhotel.fr\/pt-pt\/wp-json\/wp\/v2\/media?parent=8616"}],"wp:term":[{"taxonomy":"category","embeddable":true,"href":"https:\/\/www.odeonhotel.fr\/pt-pt\/wp-json\/wp\/v2\/categories?post=8616"},{"taxonomy":"post_tag","embeddable":true,"href":"https:\/\/www.odeonhotel.fr\/pt-pt\/wp-json\/wp\/v2\/tags?post=8616"}],"curies":[{"name":"wp","href":"https:\/\/api.w.org\/{rel}","templated":true}]}}