{"id":8668,"date":"2016-05-12T13:44:14","date_gmt":"2016-05-12T11:44:14","guid":{"rendered":"http:\/\/www.laperle.tess5418.odns.fr\/sem-categoria\/vagenende\/"},"modified":"2026-01-16T16:29:41","modified_gmt":"2026-01-16T15:29:41","slug":"vagenende","status":"publish","type":"post","link":"https:\/\/www.odeonhotel.fr\/pt-pt\/restaurantes-pt\/vagenende\/","title":{"rendered":"Le comptoir du relais"},"content":{"rendered":"\n<div class=\"wp-block-columns is-layout-flex wp-container-core-columns-is-layout-d0b3c9c8 wp-block-columns-is-layout-flex\">\n<div class=\"wp-block-column is-layout-flow wp-block-column-is-layout-flow\" style=\"--col-width:33.33%;flex-basis:33.33%\">\n<p><strong>Cozinha:<\/strong><\/p>\n\n\n\n<p style=\"margin-top:0;margin-right:0;margin-bottom:0;margin-left:0\">Bistro<\/p>\n\n\n\n<p><strong>Pre\u00e7o :<\/strong><\/p>\n\n\n\n<p style=\"margin-top:0;margin-right:0;margin-bottom:0;margin-left:0\">0-50\u20ac<\/p>\n\n\n\n<p><strong>Hor\u00e1rio :<\/strong><\/p>\n\n\n\n<p style=\"margin-top:0;margin-right:0;margin-bottom:0;margin-left:0\">Diariamente<\/p>\n\n\n\n<p><strong>Do hotel:<\/strong><\/p>\n\n\n\n<p style=\"margin-top:0;margin-right:0;margin-bottom:0;margin-left:0\">50 metros &#8211; apenas 1 minuto de caminhada<\/p>\n\n\n\n<p><strong>Endere\u00e7o :<\/strong><\/p>\n\n\n\n<p style=\"margin-top:0;margin-right:0;margin-bottom:0;margin-left:0\">9 carrefour de l&#8217;Od\u00e9on, 75006 \u2013 tel : 01 44 27 07 50<\/p>\n<\/div>\n\n\n\n<div class=\"wp-block-column is-layout-flow wp-block-column-is-layout-flow\" style=\"--col-width:66.66%;flex-basis:66.66%\">\n<div class=\"wp-block-cover is-style-tw-border-inner\" style=\"min-height:100%;aspect-ratio:unset;\"><img decoding=\"async\" width=\"1024\" height=\"800\" sizes=\"(max-width: 799px) 200vw, (max-width: 1024px) 100vw, 1024px\" class=\"wp-block-cover__image-background wp-image-24470 size-full\" alt=\"\" src=\"http:\/\/odeonhotel.fr\/wp-content\/uploads\/2016\/05\/COMPTOIR-DU-RELAIS2.jpg\" data-object-fit=\"cover\" title=\"\" srcset=\"https:\/\/www.odeonhotel.fr\/wp-content\/uploads\/2016\/05\/COMPTOIR-DU-RELAIS2.jpg 1024w, https:\/\/www.odeonhotel.fr\/wp-content\/uploads\/2016\/05\/COMPTOIR-DU-RELAIS2-300x234.jpg 300w, https:\/\/www.odeonhotel.fr\/wp-content\/uploads\/2016\/05\/COMPTOIR-DU-RELAIS2-768x600.jpg 768w\" \/><span aria-hidden=\"true\" class=\"wp-block-cover__background has-background-dim-0 has-background-dim\" style=\"background-color:#666262\"><\/span><div class=\"wp-block-cover__inner-container has-global-padding is-layout-constrained wp-block-cover-is-layout-constrained\">\n<p class=\"has-text-align-center has-large-font-size\"><\/p>\n\n\n\n<div style=\"height:250px\" aria-hidden=\"true\" class=\"wp-block-spacer\"><\/div>\n<\/div><\/div>\n<\/div>\n<\/div>\n\n<p><strong>Descri\u00e7\u00e3o :<\/strong><\/p>\n\n<p class=\"has-text-align-justify\" style=\"margin-top:0;margin-right:0;margin-bottom:0;margin-left:0\">Le Comptoir du Relais \u00e9 um bistr\u00f4 parisiense muito apreciado no cora\u00e7\u00e3o de Saint-Germain-des-Pr\u00e9s, conhecido pela sua cozinha francesa cl\u00e1ssica e pelo ambiente animado. Serve pratos tradicionais e fartos como confit de pato, barriga de porco e ricas especialidades sazonais, todos preparados com ingredientes de alta qualidade e um toque bistron\u00f3mico.<br\/>A sala intimista e o terra\u00e7o aquecido no Carrefour de l\u2019Od\u00e9on oferecem uma experi\u00eancia tipicamente parisiense, sempre movimentada por moradores locais e visitantes. A carta de vinhos complementa perfeitamente os pratos, e o servi\u00e7o \u00e9 cont\u00ednuo do almo\u00e7o ao jantar. Aut\u00eantico, descontra\u00eddo e memoravelmente delicioso.    <\/p>\n\n<div style=\"width: 100%; height: 400px;\">\n  <iframe src=\"https:\/\/www.google.com\/maps?q=le,comptoir,du,relais,+Paris&#038;output=embed\" frameborder=\"0\" style=\"border:0; width: 100%; height: 100%;\" allowfullscreen=\"\"><\/iframe>\n<\/div>\n\n<div style=\"height:50px\" aria-hidden=\"true\" class=\"wp-block-spacer\"><\/div>\n","protected":false},"excerpt":{"rendered":"<p>Cozinha: Bistro Pre\u00e7o : 0-50\u20ac Hor\u00e1rio : Diariamente Do hotel: 50 metros &#8211; apenas 1 minuto de caminhada Endere\u00e7o : 9 carrefour de l&#8217;Od\u00e9on, 75006 \u2013 tel : 01 44 27 07 50 Descri\u00e7\u00e3o : Le Comptoir du Relais \u00e9 um bistr\u00f4 parisiense muito apreciado no cora\u00e7\u00e3o de Saint-Germain-des-Pr\u00e9s, conhecido pela sua cozinha francesa cl\u00e1ssica [&hellip;]<\/p>\n","protected":false},"author":2,"featured_media":24468,"comment_status":"closed","ping_status":"closed","sticky":false,"template":"post-restaurants","format":"standard","meta":{"footnotes":""},"categories":[432],"tags":[],"class_list":["post-8668","post","type-post","status-publish","format-standard","has-post-thumbnail","hentry","category-restaurantes-pt"],"_links":{"self":[{"href":"https:\/\/www.odeonhotel.fr\/pt-pt\/wp-json\/wp\/v2\/posts\/8668","targetHints":{"allow":["GET"]}}],"collection":[{"href":"https:\/\/www.odeonhotel.fr\/pt-pt\/wp-json\/wp\/v2\/posts"}],"about":[{"href":"https:\/\/www.odeonhotel.fr\/pt-pt\/wp-json\/wp\/v2\/types\/post"}],"author":[{"embeddable":true,"href":"https:\/\/www.odeonhotel.fr\/pt-pt\/wp-json\/wp\/v2\/users\/2"}],"replies":[{"embeddable":true,"href":"https:\/\/www.odeonhotel.fr\/pt-pt\/wp-json\/wp\/v2\/comments?post=8668"}],"version-history":[{"count":4,"href":"https:\/\/www.odeonhotel.fr\/pt-pt\/wp-json\/wp\/v2\/posts\/8668\/revisions"}],"predecessor-version":[{"id":25004,"href":"https:\/\/www.odeonhotel.fr\/pt-pt\/wp-json\/wp\/v2\/posts\/8668\/revisions\/25004"}],"wp:featuredmedia":[{"embeddable":true,"href":"https:\/\/www.odeonhotel.fr\/pt-pt\/wp-json\/wp\/v2\/media\/24468"}],"wp:attachment":[{"href":"https:\/\/www.odeonhotel.fr\/pt-pt\/wp-json\/wp\/v2\/media?parent=8668"}],"wp:term":[{"taxonomy":"category","embeddable":true,"href":"https:\/\/www.odeonhotel.fr\/pt-pt\/wp-json\/wp\/v2\/categories?post=8668"},{"taxonomy":"post_tag","embeddable":true,"href":"https:\/\/www.odeonhotel.fr\/pt-pt\/wp-json\/wp\/v2\/tags?post=8668"}],"curies":[{"name":"wp","href":"https:\/\/api.w.org\/{rel}","templated":true}]}}