{"id":8757,"date":"2016-05-12T13:39:53","date_gmt":"2016-05-12T11:39:53","guid":{"rendered":"http:\/\/www.laperle.tess5418.odns.fr\/sem-categoria\/castelo-de-versalhes\/"},"modified":"2026-01-11T23:43:55","modified_gmt":"2026-01-11T22:43:55","slug":"castelo-de-versalhes","status":"publish","type":"post","link":"https:\/\/www.odeonhotel.fr\/pt-pt\/monumentos-pt-pt\/castelo-de-versalhes\/","title":{"rendered":"Castelo de Versalhes"},"content":{"rendered":"\n<div class=\"wp-block-columns is-layout-flex wp-container-core-columns-is-layout-d0b3c9c8 wp-block-columns-is-layout-flex\">\n<div class=\"wp-block-column is-layout-flow wp-block-column-is-layout-flow\" style=\"--col-width:33.33%;flex-basis:33.33%\">\n<p><strong>Data de constru\u00e7\u00e3o :<\/strong><\/p>\n\n\n\n<p style=\"margin-top:0;margin-right:0;margin-bottom:0;margin-left:0\">1623<\/p>\n\n\n\n<p><strong>Pre\u00e7o :<\/strong><\/p>\n\n\n\n<p style=\"margin-top:0;margin-right:0;margin-bottom:0;margin-left:0\">20 \u20ac<\/p>\n\n\n\n<p><strong>Hor\u00e1rio :<\/strong><\/p>\n\n\n\n<p style=\"margin-top:0;margin-right:0;margin-bottom:0;margin-left:0\">Todos os dias, exceto segunda-feira e domingo, das 9:00 \u00e0s 18:30 horas<\/p>\n\n\n\n<p><strong>Do hotel:<\/strong><\/p>\n\n\n\n<p style=\"margin-top:0;margin-right:0;margin-bottom:0;margin-left:0\">17,6 km: 60 minutos de RER C de \u201cSaint Michel\u201d para \u201cVersailles Chantier\u201d<\/p>\n\n\n\n<p><strong>Endere\u00e7o :<\/strong><\/p>\n\n\n\n<p style=\"margin-top:0;margin-right:0;margin-bottom:0;margin-left:0\">Place d\u2019Armes, 78000 Versailles<\/p>\n<\/div>\n\n\n\n<div class=\"wp-block-column is-layout-flow wp-block-column-is-layout-flow\" style=\"--col-width:66.66%;flex-basis:66.66%\">\n<div class=\"wp-block-cover is-style-tw-border-inner\" style=\"min-height:100%;aspect-ratio:unset;\"><span aria-hidden=\"true\" class=\"wp-block-cover__background has-background-dim-0 has-background-dim\"><\/span><img decoding=\"async\" width=\"1024\" height=\"683\" sizes=\"(max-width: 799px) 200vw, (max-width: 1024px) 100vw, 1024px\" class=\"wp-block-cover__image-background wp-image-15311\" alt=\"\" src=\"http:\/\/odeonhotel.fr\/wp-content\/uploads\/2023\/10\/Chateau-de-versailles-jpg.webp\" style=\"object-position:31% 47%\" data-object-fit=\"cover\" data-object-position=\"31% 47%\" title=\"\" srcset=\"https:\/\/www.odeonhotel.fr\/wp-content\/uploads\/2023\/10\/Chateau-de-versailles-jpg.webp 1024w, https:\/\/www.odeonhotel.fr\/wp-content\/uploads\/2023\/10\/Chateau-de-versailles-300x200.webp 300w, https:\/\/www.odeonhotel.fr\/wp-content\/uploads\/2023\/10\/Chateau-de-versailles-768x512.webp 768w\" \/><div class=\"wp-block-cover__inner-container has-global-padding is-layout-constrained wp-block-cover-is-layout-constrained\">\n<p class=\"has-text-align-center has-large-font-size\"><\/p>\n\n\n\n<div style=\"height:250px\" aria-hidden=\"true\" class=\"wp-block-spacer\"><\/div>\n<\/div><\/div>\n<\/div>\n<\/div>\n\n<p><strong>Descri\u00e7\u00e3o :<\/strong><\/p>\n\n<p class=\"has-text-align-justify\" style=\"margin-top:0;margin-right:0;margin-bottom:0;margin-left:0\">Bem-vindo \u00e0 grandiosidade do Pal\u00e1cio de Versalhes, uma verdadeira obra-prima de opul\u00eancia e extravag\u00e2ncia. Nos arredores de Paris, essa joia hist\u00f3rica o transporta para um mundo de esplendor real. Mergulhe na beleza resplandecente de seus quartos ricamente decorados, adornados com detalhes dourados e obras de arte complexas. Passeie pelos jardins meticulosamente bem cuidados, pontilhados de fontes e esculturas que o deixar\u00e3o maravilhado. Desde o Sal\u00e3o dos Espelhos, que reflete a luz do sol em uma exibi\u00e7\u00e3o deslumbrante, at\u00e9 a grandiosidade de tirar o f\u00f4lego do pr\u00f3prio Pal\u00e1cio, todos os cantos exalam magnific\u00eancia. Experimente o estilo de vida grandioso da realeza francesa e entregue-se ao fasc\u00ednio do Pal\u00e1cio de Versalhes.     <\/p>\n\n<p><strong>Link :<\/strong> <a href=\"https:\/\/www.chateauversailles.fr\/\" target=\"_blank\" rel=\"noopener\">website<\/a><\/p>\n\n<div id=\"OKAYFREEDOM_INJECTED\" style=\"display: none;\"> <\/div>\n\n<div style=\"width: 100%; height: 400px;\">\n  <iframe src=\"https:\/\/www.google.com\/maps?q=Palace+of+Versailles,+Paris&#038;output=embed\" frameborder=\"0\" style=\"border:0; width: 100%; height: 100%;\" allowfullscreen=\"\"><\/iframe>\n<\/div>\n\n<div style=\"height:50px\" aria-hidden=\"true\" class=\"wp-block-spacer\"><\/div>\n","protected":false},"excerpt":{"rendered":"<p>Data de constru\u00e7\u00e3o : 1623 Pre\u00e7o : 20 \u20ac Hor\u00e1rio : Todos os dias, exceto segunda-feira e domingo, das 9:00 \u00e0s 18:30 horas Do hotel: 17,6 km: 60 minutos de RER C de \u201cSaint Michel\u201d para \u201cVersailles Chantier\u201d Endere\u00e7o : Place d\u2019Armes, 78000 Versailles Descri\u00e7\u00e3o : Bem-vindo \u00e0 grandiosidade do Pal\u00e1cio de Versalhes, uma verdadeira [&hellip;]<\/p>\n","protected":false},"author":1,"featured_media":24380,"comment_status":"closed","ping_status":"closed","sticky":false,"template":"post-monuments","format":"standard","meta":{"footnotes":""},"categories":[403],"tags":[],"class_list":["post-8757","post","type-post","status-publish","format-standard","has-post-thumbnail","hentry","category-monumentos-pt-pt"],"_links":{"self":[{"href":"https:\/\/www.odeonhotel.fr\/pt-pt\/wp-json\/wp\/v2\/posts\/8757","targetHints":{"allow":["GET"]}}],"collection":[{"href":"https:\/\/www.odeonhotel.fr\/pt-pt\/wp-json\/wp\/v2\/posts"}],"about":[{"href":"https:\/\/www.odeonhotel.fr\/pt-pt\/wp-json\/wp\/v2\/types\/post"}],"author":[{"embeddable":true,"href":"https:\/\/www.odeonhotel.fr\/pt-pt\/wp-json\/wp\/v2\/users\/1"}],"replies":[{"embeddable":true,"href":"https:\/\/www.odeonhotel.fr\/pt-pt\/wp-json\/wp\/v2\/comments?post=8757"}],"version-history":[{"count":2,"href":"https:\/\/www.odeonhotel.fr\/pt-pt\/wp-json\/wp\/v2\/posts\/8757\/revisions"}],"predecessor-version":[{"id":20394,"href":"https:\/\/www.odeonhotel.fr\/pt-pt\/wp-json\/wp\/v2\/posts\/8757\/revisions\/20394"}],"wp:featuredmedia":[{"embeddable":true,"href":"https:\/\/www.odeonhotel.fr\/pt-pt\/wp-json\/wp\/v2\/media\/24380"}],"wp:attachment":[{"href":"https:\/\/www.odeonhotel.fr\/pt-pt\/wp-json\/wp\/v2\/media?parent=8757"}],"wp:term":[{"taxonomy":"category","embeddable":true,"href":"https:\/\/www.odeonhotel.fr\/pt-pt\/wp-json\/wp\/v2\/categories?post=8757"},{"taxonomy":"post_tag","embeddable":true,"href":"https:\/\/www.odeonhotel.fr\/pt-pt\/wp-json\/wp\/v2\/tags?post=8757"}],"curies":[{"name":"wp","href":"https:\/\/api.w.org\/{rel}","templated":true}]}}