{"id":8775,"date":"2016-05-12T13:38:35","date_gmt":"2016-05-12T11:38:35","guid":{"rendered":"http:\/\/www.laperle.tess5418.odns.fr\/sem-categoria\/sacre-coeur\/"},"modified":"2026-01-14T23:14:20","modified_gmt":"2026-01-14T22:14:20","slug":"sacre-coeur","status":"publish","type":"post","link":"https:\/\/www.odeonhotel.fr\/pt-pt\/monumentos-pt-pt\/sacre-coeur\/","title":{"rendered":"Sacr\u00e9 Coeur"},"content":{"rendered":"\n<div class=\"wp-block-columns is-layout-flex wp-container-core-columns-is-layout-d0b3c9c8 wp-block-columns-is-layout-flex\">\n<div class=\"wp-block-column is-layout-flow wp-block-column-is-layout-flow\" style=\"--col-width:33.33%;flex-basis:33.33%\">\n<p><strong>Data de cria\u00e7\u00e3o :<\/strong><\/p>\n\n\n\n<p style=\"margin-top:0;margin-right:0;margin-bottom:0;margin-left:0\">1875<\/p>\n\n\n\n<p><strong>Pre\u00e7o :<\/strong><\/p>\n\n\n\n<p style=\"margin-top:0;margin-right:0;margin-bottom:0;margin-left:0\">Gr\u00e1tis<\/p>\n\n\n\n<p><strong>Hor\u00e1rio :<\/strong><\/p>\n\n\n\n<p style=\"margin-top:0;margin-right:0;margin-bottom:0;margin-left:0\">Todos os dias, das 6:00 \u00e0s 22:30 horas<\/p>\n\n\n\n<p><strong>Do hotel:<\/strong><\/p>\n\n\n\n<p style=\"margin-top:0;margin-right:0;margin-bottom:0;margin-left:0\">4,3 km \u2013 55 minutos a p\u00e9 \u2013 ou 33 minutos de metr\u00f4: linha 12 de \u201cOd\u00e9on\u201d at\u00e9 \u201cCh\u00e2teau Rouge\u201d.<br\/><\/p>\n\n\n\n<p><strong>Endere\u00e7o :<\/strong><\/p>\n\n\n\n<p style=\"margin-top:0;margin-right:0;margin-bottom:0;margin-left:0\">35 Rue du Chevalier de la Barre, 75018 Paris, France<\/p>\n<\/div>\n\n\n\n<div class=\"wp-block-column is-layout-flow wp-block-column-is-layout-flow\" style=\"--col-width:66.66%;flex-basis:66.66%\">\n<div class=\"wp-block-cover is-style-tw-border-inner\" style=\"min-height:100%;aspect-ratio:unset;\"><img decoding=\"async\" width=\"1000\" height=\"662\" sizes=\"(max-width: 799px) 200vw, (max-width: 1000px) 100vw, 1000px\" class=\"wp-block-cover__image-background wp-image-15295\" alt=\"\" src=\"http:\/\/odeonhotel.fr\/wp-content\/uploads\/2023\/10\/Montmartre.jpg\" data-object-fit=\"cover\" title=\"\" srcset=\"https:\/\/www.odeonhotel.fr\/wp-content\/uploads\/2023\/10\/Montmartre.jpg 1000w, https:\/\/www.odeonhotel.fr\/wp-content\/uploads\/2023\/10\/Montmartre-300x199.webp 300w, https:\/\/www.odeonhotel.fr\/wp-content\/uploads\/2023\/10\/Montmartre-768x508.webp 768w\" \/><span aria-hidden=\"true\" class=\"wp-block-cover__background has-background-dim-0 has-background-dim\"><\/span><div class=\"wp-block-cover__inner-container has-global-padding is-layout-constrained wp-block-cover-is-layout-constrained\">\n<p class=\"has-text-align-center has-large-font-size\"><\/p>\n\n\n\n<div style=\"height:250px\" aria-hidden=\"true\" class=\"wp-block-spacer\"><\/div>\n<\/div><\/div>\n<\/div>\n<\/div>\n\n<p><strong>Descri\u00e7\u00e3o :<\/strong><\/p>\n\n<p class=\"has-text-align-justify\" style=\"margin-top:0;margin-right:0;margin-bottom:0;margin-left:0\">Bem-vindo ao Sacr\u00e9-C\u0153ur, um santu\u00e1rio espiritual situado no topo de Montmartre, com vistas de tirar o f\u00f4lego de Paris. Essa bas\u00edlica ic\u00f4nica, com suas c\u00fapulas brancas imaculadas, \u00e9 um s\u00edmbolo de serenidade e devo\u00e7\u00e3o. Suba os degraus e entre em um mundo de tranquilidade, enquanto o brilho suave da luz passa pelos magn\u00edficos vitrais. O interior, adornado com mosaicos intrincados, convida \u00e0 contempla\u00e7\u00e3o e \u00e0 reflex\u00e3o. Da esplanada, contemple a vista panor\u00e2mica da cidade, uma vis\u00e3o que cativa a alma. Seja para adora\u00e7\u00e3o ou simplesmente para se maravilhar com sua beleza, o Sacr\u00e9-C\u0153ur \u00e9 um destino et\u00e9reo que evoca um senso de rever\u00eancia e admira\u00e7\u00e3o.     <\/p>\n\n<p><strong>Link :<\/strong> <a href=\"https:\/\/www.sacre-coeur-montmartre.com\/\" target=\"_blank\" rel=\"noopener\">website<\/a><\/p>\n\n<div style=\"width: 100%; height: 400px;\">\n  <iframe src=\"https:\/\/www.google.com\/maps?q=Sacr%C3%A9-C%C5%93ur,+Paris&#038;output=embed\" frameborder=\"0\" style=\"border:0; width: 100%; height: 100%;\" allowfullscreen=\"\"><\/iframe>\n<\/div>\n\n<div style=\"height:50px\" aria-hidden=\"true\" class=\"wp-block-spacer\"><\/div>\n","protected":false},"excerpt":{"rendered":"<p>Data de cria\u00e7\u00e3o : 1875 Pre\u00e7o : Gr\u00e1tis Hor\u00e1rio : Todos os dias, das 6:00 \u00e0s 22:30 horas Do hotel: 4,3 km \u2013 55 minutos a p\u00e9 \u2013 ou 33 minutos de metr\u00f4: linha 12 de \u201cOd\u00e9on\u201d at\u00e9 \u201cCh\u00e2teau Rouge\u201d. Endere\u00e7o : 35 Rue du Chevalier de la Barre, 75018 Paris, France Descri\u00e7\u00e3o : Bem-vindo [&hellip;]<\/p>\n","protected":false},"author":1,"featured_media":24388,"comment_status":"closed","ping_status":"closed","sticky":false,"template":"post-monuments","format":"standard","meta":{"footnotes":""},"categories":[403],"tags":[],"class_list":["post-8775","post","type-post","status-publish","format-standard","has-post-thumbnail","hentry","category-monumentos-pt-pt"],"_links":{"self":[{"href":"https:\/\/www.odeonhotel.fr\/pt-pt\/wp-json\/wp\/v2\/posts\/8775","targetHints":{"allow":["GET"]}}],"collection":[{"href":"https:\/\/www.odeonhotel.fr\/pt-pt\/wp-json\/wp\/v2\/posts"}],"about":[{"href":"https:\/\/www.odeonhotel.fr\/pt-pt\/wp-json\/wp\/v2\/types\/post"}],"author":[{"embeddable":true,"href":"https:\/\/www.odeonhotel.fr\/pt-pt\/wp-json\/wp\/v2\/users\/1"}],"replies":[{"embeddable":true,"href":"https:\/\/www.odeonhotel.fr\/pt-pt\/wp-json\/wp\/v2\/comments?post=8775"}],"version-history":[{"count":3,"href":"https:\/\/www.odeonhotel.fr\/pt-pt\/wp-json\/wp\/v2\/posts\/8775\/revisions"}],"predecessor-version":[{"id":24916,"href":"https:\/\/www.odeonhotel.fr\/pt-pt\/wp-json\/wp\/v2\/posts\/8775\/revisions\/24916"}],"wp:featuredmedia":[{"embeddable":true,"href":"https:\/\/www.odeonhotel.fr\/pt-pt\/wp-json\/wp\/v2\/media\/24388"}],"wp:attachment":[{"href":"https:\/\/www.odeonhotel.fr\/pt-pt\/wp-json\/wp\/v2\/media?parent=8775"}],"wp:term":[{"taxonomy":"category","embeddable":true,"href":"https:\/\/www.odeonhotel.fr\/pt-pt\/wp-json\/wp\/v2\/categories?post=8775"},{"taxonomy":"post_tag","embeddable":true,"href":"https:\/\/www.odeonhotel.fr\/pt-pt\/wp-json\/wp\/v2\/tags?post=8775"}],"curies":[{"name":"wp","href":"https:\/\/api.w.org\/{rel}","templated":true}]}}