{"id":8807,"date":"2016-05-12T13:38:23","date_gmt":"2016-05-12T11:38:23","guid":{"rendered":"http:\/\/www.laperle.tess5418.odns.fr\/sem-categoria\/notre-dame-de-paris\/"},"modified":"2026-01-14T23:17:02","modified_gmt":"2026-01-14T22:17:02","slug":"notre-dame-de-paris","status":"publish","type":"post","link":"https:\/\/www.odeonhotel.fr\/pt-pt\/monumentos-pt-pt\/notre-dame-de-paris\/","title":{"rendered":"Notre Dame de Paris"},"content":{"rendered":"\n<div class=\"wp-block-columns is-layout-flex wp-container-core-columns-is-layout-d0b3c9c8 wp-block-columns-is-layout-flex\">\n<div class=\"wp-block-column is-layout-flow wp-block-column-is-layout-flow\" style=\"--col-width:33.33%;flex-basis:33.33%\">\n<p><strong>Data de cria\u00e7\u00e3o :<\/strong><\/p>\n\n\n\n<p style=\"margin-top:0;margin-right:0;margin-bottom:0;margin-left:0\">1163<\/p>\n\n\n\n<p><strong>Pre\u00e7o :<\/strong><\/p>\n\n\n\n<p style=\"margin-top:0;margin-right:0;margin-bottom:0;margin-left:0\">Gr\u00e1tis<\/p>\n\n\n\n<p><strong>Hor\u00e1rio :<\/strong><\/p>\n\n\n\n<p style=\"margin-top:0;margin-right:0;margin-bottom:0;margin-left:0\">Todos os dias, das 7h45 \u00e0s 18h45<\/p>\n\n\n\n<p><strong>Do hotel:<\/strong><\/p>\n\n\n\n<p style=\"margin-top:0;margin-right:0;margin-bottom:0;margin-left:0\">1 km \u2013 12 minutos a p\u00e9<br\/><\/p>\n\n\n\n<p><strong>Endere\u00e7o :<\/strong><\/p>\n\n\n\n<p style=\"margin-top:0;margin-right:0;margin-bottom:0;margin-left:0\">6 Parvis Notre-Dame \u2013 Place Jean-Paul II, 75004 Paris<\/p>\n<\/div>\n\n\n\n<div class=\"wp-block-column is-layout-flow wp-block-column-is-layout-flow\" style=\"--col-width:66.66%;flex-basis:66.66%\">\n<div class=\"wp-block-cover is-light is-style-tw-border-inner\" style=\"min-height:100%;aspect-ratio:unset;\"><img decoding=\"async\" width=\"1024\" height=\"683\" sizes=\"(max-width: 799px) 200vw, (max-width: 1024px) 100vw, 1024px\" class=\"wp-block-cover__image-background wp-image-15287\" alt=\"\" src=\"http:\/\/odeonhotel.fr\/wp-content\/uploads\/2023\/10\/Notre-Dame-de-Paris.jpg\" data-object-fit=\"cover\" title=\"\" srcset=\"https:\/\/www.odeonhotel.fr\/wp-content\/uploads\/2023\/10\/Notre-Dame-de-Paris.jpg 1024w, https:\/\/www.odeonhotel.fr\/wp-content\/uploads\/2023\/10\/Notre-Dame-de-Paris-300x200.webp 300w, https:\/\/www.odeonhotel.fr\/wp-content\/uploads\/2023\/10\/Notre-Dame-de-Paris-768x512.webp 768w\" \/><span aria-hidden=\"true\" class=\"wp-block-cover__background has-background-dim-0 has-background-dim\"><\/span><div class=\"wp-block-cover__inner-container has-global-padding is-layout-constrained wp-block-cover-is-layout-constrained\">\n<p class=\"has-text-align-center has-large-font-size\"><\/p>\n\n\n\n<div style=\"height:250px\" aria-hidden=\"true\" class=\"wp-block-spacer\"><\/div>\n<\/div><\/div>\n<\/div>\n<\/div>\n\n<p><strong>Descri\u00e7\u00e3o :<\/strong><\/p>\n\n<p class=\"has-text-align-justify\" style=\"margin-top:0;margin-right:0;margin-bottom:0;margin-left:0\">Bem-vindo \u00e0 lend\u00e1ria Notre Dame de Paris, uma obra-prima atemporal que \u00e9 um s\u00edmbolo da arquitetura g\u00f3tica francesa. Essa catedral ic\u00f4nica, com suas torres majestosas e fachada intrincada, cativa todos que a contemplam. Entre e fique impressionado com os resplandecentes vitrais, o majestoso \u00f3rg\u00e3o e a atmosfera sagrada que permeia cada canto. Suba nas torres para ter uma vista de tirar o f\u00f4lego de Paris, enquanto a cidade se desenrola diante de seus olhos. A Notre Dame de Paris \u00e9 um testemunho da engenhosidade e da devo\u00e7\u00e3o humanas, um lugar onde a hist\u00f3ria, a arte e a espiritualidade convergem para criar uma experi\u00eancia inesquec\u00edvel que transcende o tempo.    <\/p>\n\n<p><strong>Link :<\/strong> <a href=\"https:\/\/www.notredamedeparis.fr\/\" target=\"_blank\" rel=\"noopener\">website<\/a><\/p>\n\n<div style=\"width: 100%; height: 400px;\">\n  <iframe src=\"https:\/\/www.google.com\/maps?q=Notre+Dame+de+Paris,+Paris&#038;output=embed\" frameborder=\"0\" style=\"border:0; width: 100%; height: 100%;\" allowfullscreen=\"\"><\/iframe>\n<\/div>\n\n<div style=\"height:50px\" aria-hidden=\"true\" class=\"wp-block-spacer\"><\/div>\n","protected":false},"excerpt":{"rendered":"<p>Data de cria\u00e7\u00e3o : 1163 Pre\u00e7o : Gr\u00e1tis Hor\u00e1rio : Todos os dias, das 7h45 \u00e0s 18h45 Do hotel: 1 km \u2013 12 minutos a p\u00e9 Endere\u00e7o : 6 Parvis Notre-Dame \u2013 Place Jean-Paul II, 75004 Paris Descri\u00e7\u00e3o : Bem-vindo \u00e0 lend\u00e1ria Notre Dame de Paris, uma obra-prima atemporal que \u00e9 um s\u00edmbolo da arquitetura [&hellip;]<\/p>\n","protected":false},"author":1,"featured_media":24396,"comment_status":"closed","ping_status":"closed","sticky":false,"template":"post-monuments","format":"standard","meta":{"footnotes":""},"categories":[403],"tags":[],"class_list":["post-8807","post","type-post","status-publish","format-standard","has-post-thumbnail","hentry","category-monumentos-pt-pt"],"_links":{"self":[{"href":"https:\/\/www.odeonhotel.fr\/pt-pt\/wp-json\/wp\/v2\/posts\/8807","targetHints":{"allow":["GET"]}}],"collection":[{"href":"https:\/\/www.odeonhotel.fr\/pt-pt\/wp-json\/wp\/v2\/posts"}],"about":[{"href":"https:\/\/www.odeonhotel.fr\/pt-pt\/wp-json\/wp\/v2\/types\/post"}],"author":[{"embeddable":true,"href":"https:\/\/www.odeonhotel.fr\/pt-pt\/wp-json\/wp\/v2\/users\/1"}],"replies":[{"embeddable":true,"href":"https:\/\/www.odeonhotel.fr\/pt-pt\/wp-json\/wp\/v2\/comments?post=8807"}],"version-history":[{"count":3,"href":"https:\/\/www.odeonhotel.fr\/pt-pt\/wp-json\/wp\/v2\/posts\/8807\/revisions"}],"predecessor-version":[{"id":24923,"href":"https:\/\/www.odeonhotel.fr\/pt-pt\/wp-json\/wp\/v2\/posts\/8807\/revisions\/24923"}],"wp:featuredmedia":[{"embeddable":true,"href":"https:\/\/www.odeonhotel.fr\/pt-pt\/wp-json\/wp\/v2\/media\/24396"}],"wp:attachment":[{"href":"https:\/\/www.odeonhotel.fr\/pt-pt\/wp-json\/wp\/v2\/media?parent=8807"}],"wp:term":[{"taxonomy":"category","embeddable":true,"href":"https:\/\/www.odeonhotel.fr\/pt-pt\/wp-json\/wp\/v2\/categories?post=8807"},{"taxonomy":"post_tag","embeddable":true,"href":"https:\/\/www.odeonhotel.fr\/pt-pt\/wp-json\/wp\/v2\/tags?post=8807"}],"curies":[{"name":"wp","href":"https:\/\/api.w.org\/{rel}","templated":true}]}}