{"id":8839,"date":"2016-05-12T13:42:27","date_gmt":"2016-05-12T11:42:27","guid":{"rendered":"http:\/\/www.laperle.tess5418.odns.fr\/sem-categoria\/museu-do-quai-branly\/"},"modified":"2026-01-14T23:32:09","modified_gmt":"2026-01-14T22:32:09","slug":"museu-do-quai-branly","status":"publish","type":"post","link":"https:\/\/www.odeonhotel.fr\/pt-pt\/museus-pt-pt\/museu-do-quai-branly\/","title":{"rendered":"Museu do Quai Branly"},"content":{"rendered":"\n<div class=\"wp-block-columns is-layout-flex wp-container-core-columns-is-layout-d0b3c9c8 wp-block-columns-is-layout-flex\">\n<div class=\"wp-block-column is-layout-flow wp-block-column-is-layout-flow\" style=\"--col-width:33.33%;flex-basis:33.33%\">\n<p><strong>Museu :<\/strong><\/p>\n\n\n\n<p style=\"margin-top:0;margin-right:0;margin-bottom:0;margin-left:0\">Artes primitivas<\/p>\n\n\n\n<p><strong>Algo especial :<\/strong><\/p>\n\n\n\n<p style=\"margin-top:0;margin-right:0;margin-bottom:0;margin-left:0\">A parede verde e a vista da Torre Eiffel do terra\u00e7o<\/p>\n\n\n\n<p><strong>Hor\u00e1rio :<\/strong><\/p>\n\n\n\n<p style=\"margin-top:0;margin-right:0;margin-bottom:0;margin-left:0\">Todos os dias, exceto segunda-feira, das 11:00 \u00e0s 19:00 horas<\/p>\n\n\n\n<p><strong>Do hotel:<\/strong><\/p>\n\n\n\n<p style=\"margin-top:0;margin-right:0;margin-bottom:0;margin-left:0\">3,3 km \u2013 42 minutos a p\u00e9 ou 22 minutos de \u00f4nibus 63 a partir de \u201cSeine Buci\u201d<br\/><\/p>\n\n\n\n<p><strong>Endere\u00e7o :<\/strong><\/p>\n\n\n\n<p style=\"margin-top:0;margin-right:0;margin-bottom:0;margin-left:0\">37 quai Branly, 75007 Paris<\/p>\n<\/div>\n\n\n\n<div class=\"wp-block-column is-layout-flow wp-block-column-is-layout-flow\" style=\"--col-width:66.66%;flex-basis:66.66%\">\n<div class=\"wp-block-cover is-style-tw-border-inner\" style=\"min-height:100%;aspect-ratio:unset;\"><img decoding=\"async\" width=\"2048\" height=\"1363\" sizes=\"(max-width: 799px) 200vw, (max-width: 2048px) 100vw, 2048px\" class=\"wp-block-cover__image-background wp-image-15359\" alt=\"\" src=\"http:\/\/odeonhotel.fr\/wp-content\/uploads\/2023\/10\/musee-quai-branly.jpg\" style=\"object-position:40% 48%\" data-object-fit=\"cover\" data-object-position=\"40% 48%\" title=\"\" srcset=\"https:\/\/www.odeonhotel.fr\/wp-content\/uploads\/2023\/10\/musee-quai-branly.jpg 2048w, https:\/\/www.odeonhotel.fr\/wp-content\/uploads\/2023\/10\/musee-quai-branly-300x200.webp 300w, https:\/\/www.odeonhotel.fr\/wp-content\/uploads\/2023\/10\/musee-quai-branly-1024x682.webp 1024w, https:\/\/www.odeonhotel.fr\/wp-content\/uploads\/2023\/10\/musee-quai-branly-768x511.webp 768w, https:\/\/www.odeonhotel.fr\/wp-content\/uploads\/2023\/10\/musee-quai-branly-1536x1022.webp 1536w\" \/><span aria-hidden=\"true\" class=\"wp-block-cover__background has-background-dim-0 has-background-dim\"><\/span><div class=\"wp-block-cover__inner-container has-global-padding is-layout-constrained wp-block-cover-is-layout-constrained\">\n<p class=\"has-text-align-center has-large-font-size\"><\/p>\n\n\n\n<div style=\"height:250px\" aria-hidden=\"true\" class=\"wp-block-spacer\"><\/div>\n<\/div><\/div>\n<\/div>\n<\/div>\n\n<p><strong>Descri\u00e7\u00e3o :<\/strong><\/p>\n\n<p class=\"has-text-align-justify\" style=\"margin-top:0;margin-right:0;margin-bottom:0;margin-left:0\">Embarque em uma jornada de descoberta cultural no Museu Quai Branly, um tributo cativante \u00e0 arte e \u00e0s civiliza\u00e7\u00f5es da \u00c1frica, \u00c1sia, Oceania e Am\u00e9ricas. Aninhado ao longo do Rio Sena, essa joia arquitet\u00f4nica abriga uma cole\u00e7\u00e3o rica e diversificada de obras de arte, esculturas, tecidos e artefatos ind\u00edgenas. Explore as narrativas entrela\u00e7adas de diferentes culturas, mergulhando em seus rituais, tradi\u00e7\u00f5es e express\u00f5es art\u00edsticas. As exposi\u00e7\u00f5es imersivas e instigantes do museu oferecem uma perspectiva \u00fanica sobre o patrim\u00f4nio cultural do mundo. O Museu do Quai Branly celebra a diversidade, promovendo a compreens\u00e3o e a aprecia\u00e7\u00e3o intercultural, convidando os visitantes a ampliarem seus horizontes e a se envolverem com a beleza e a complexidade das culturas globais.    <\/p>\n\n<p><strong>Link :<\/strong> <a href=\"https:\/\/www.quaibranly.fr\/fr\/billetterie?gclid=CjwKCAjwvdajBhBEEiwAeMh1U55VFDvJ6ksKr_15b3ixzoBmPTosvufHXFfsxb-yVzDMCrGWZppHqRoCzCMQAvD_BwE\" target=\"_blank\" rel=\"noopener\">website<\/a><\/p>\n\n<div style=\"width: 100%; height: 400px;\">\n  <iframe src=\"https:\/\/www.google.com\/maps?q=Quai+Branly+Museum,+Paris&#038;output=embed\" frameborder=\"0\" style=\"border:0; width: 100%; height: 100%;\" allowfullscreen=\"\"><\/iframe>\n<\/div>\n\n<div style=\"height:50px\" aria-hidden=\"true\" class=\"wp-block-spacer\"><\/div>\n","protected":false},"excerpt":{"rendered":"<p>Museu : Artes primitivas Algo especial : A parede verde e a vista da Torre Eiffel do terra\u00e7o Hor\u00e1rio : Todos os dias, exceto segunda-feira, das 11:00 \u00e0s 19:00 horas Do hotel: 3,3 km \u2013 42 minutos a p\u00e9 ou 22 minutos de \u00f4nibus 63 a partir de \u201cSeine Buci\u201d Endere\u00e7o : 37 quai Branly, [&hellip;]<\/p>\n","protected":false},"author":1,"featured_media":24460,"comment_status":"closed","ping_status":"closed","sticky":false,"template":"post-musees","format":"standard","meta":{"footnotes":""},"categories":[411],"tags":[],"class_list":["post-8839","post","type-post","status-publish","format-standard","has-post-thumbnail","hentry","category-museus-pt-pt"],"_links":{"self":[{"href":"https:\/\/www.odeonhotel.fr\/pt-pt\/wp-json\/wp\/v2\/posts\/8839","targetHints":{"allow":["GET"]}}],"collection":[{"href":"https:\/\/www.odeonhotel.fr\/pt-pt\/wp-json\/wp\/v2\/posts"}],"about":[{"href":"https:\/\/www.odeonhotel.fr\/pt-pt\/wp-json\/wp\/v2\/types\/post"}],"author":[{"embeddable":true,"href":"https:\/\/www.odeonhotel.fr\/pt-pt\/wp-json\/wp\/v2\/users\/1"}],"replies":[{"embeddable":true,"href":"https:\/\/www.odeonhotel.fr\/pt-pt\/wp-json\/wp\/v2\/comments?post=8839"}],"version-history":[{"count":3,"href":"https:\/\/www.odeonhotel.fr\/pt-pt\/wp-json\/wp\/v2\/posts\/8839\/revisions"}],"predecessor-version":[{"id":24947,"href":"https:\/\/www.odeonhotel.fr\/pt-pt\/wp-json\/wp\/v2\/posts\/8839\/revisions\/24947"}],"wp:featuredmedia":[{"embeddable":true,"href":"https:\/\/www.odeonhotel.fr\/pt-pt\/wp-json\/wp\/v2\/media\/24460"}],"wp:attachment":[{"href":"https:\/\/www.odeonhotel.fr\/pt-pt\/wp-json\/wp\/v2\/media?parent=8839"}],"wp:term":[{"taxonomy":"category","embeddable":true,"href":"https:\/\/www.odeonhotel.fr\/pt-pt\/wp-json\/wp\/v2\/categories?post=8839"},{"taxonomy":"post_tag","embeddable":true,"href":"https:\/\/www.odeonhotel.fr\/pt-pt\/wp-json\/wp\/v2\/tags?post=8839"}],"curies":[{"name":"wp","href":"https:\/\/api.w.org\/{rel}","templated":true}]}}