{"id":8853,"date":"2016-05-12T13:42:14","date_gmt":"2016-05-12T11:42:14","guid":{"rendered":"http:\/\/www.laperle.tess5418.odns.fr\/sem-categoria\/museu-de-arte-moderna\/"},"modified":"2026-01-14T23:35:06","modified_gmt":"2026-01-14T22:35:06","slug":"museu-de-arte-moderna","status":"publish","type":"post","link":"https:\/\/www.odeonhotel.fr\/pt-pt\/museus-pt-pt\/museu-de-arte-moderna\/","title":{"rendered":"Museu de Arte Moderna"},"content":{"rendered":"\n<div class=\"wp-block-columns is-layout-flex wp-container-core-columns-is-layout-d0b3c9c8 wp-block-columns-is-layout-flex\">\n<div class=\"wp-block-column is-layout-flow wp-block-column-is-layout-flow\" style=\"--col-width:33.33%;flex-basis:33.33%\">\n<p><strong>Museu :<\/strong><\/p>\n\n\n\n<p style=\"margin-top:0;margin-right:0;margin-bottom:0;margin-left:0\">Arte Moderna<\/p>\n\n\n\n<p><strong>Algo especial :<\/strong><\/p>\n\n\n\n<p style=\"margin-top:0;margin-right:0;margin-bottom:0;margin-left:0\">Jantar no terra\u00e7o<\/p>\n\n\n\n<p><strong>Hor\u00e1rio :<\/strong><\/p>\n\n\n\n<p style=\"margin-top:0;margin-right:0;margin-bottom:0;margin-left:0\">Todos os dias, exceto segunda-feira, das 10:00 \u00e0s 18:00 horas<\/p>\n\n\n\n<p><strong>Do hotel:<\/strong><\/p>\n\n\n\n<p style=\"margin-top:0;margin-right:0;margin-bottom:0;margin-left:0\">3,6 km \u2013 46 minutos a p\u00e9 ou 25 minutos de \u00f4nibus 63 de \u201cSeine Buci\u201d at\u00e9 \u201cI\u00e9na\u201d<br\/><\/p>\n\n\n\n<p><strong>Endere\u00e7o :<\/strong><\/p>\n\n\n\n<p style=\"margin-top:0;margin-right:0;margin-bottom:0;margin-left:0\">11 avenue du Pr\u00e9sident Wilson, 75116 Paris<\/p>\n<\/div>\n\n\n\n<div class=\"wp-block-column is-layout-flow wp-block-column-is-layout-flow\" style=\"--col-width:66.66%;flex-basis:66.66%\">\n<div class=\"wp-block-cover is-light is-style-tw-border-inner\" style=\"min-height:100%;aspect-ratio:unset;\"><img decoding=\"async\" width=\"768\" height=\"432\" sizes=\"(max-width: 799px) 200vw, (max-width: 768px) 100vw, 768px\" class=\"wp-block-cover__image-background wp-image-15375\" alt=\"\" src=\"http:\/\/odeonhotel.fr\/wp-content\/uploads\/2023\/10\/musee-art-moderne-Paris-jpg.webp\" style=\"object-position:82% 51%\" data-object-fit=\"cover\" data-object-position=\"82% 51%\" title=\"\" srcset=\"https:\/\/www.odeonhotel.fr\/wp-content\/uploads\/2023\/10\/musee-art-moderne-Paris-jpg.webp 768w, https:\/\/www.odeonhotel.fr\/wp-content\/uploads\/2023\/10\/musee-art-moderne-Paris-300x169.webp 300w\" \/><span aria-hidden=\"true\" class=\"wp-block-cover__background has-background-dim-0 has-background-dim\"><\/span><div class=\"wp-block-cover__inner-container has-global-padding is-layout-constrained wp-block-cover-is-layout-constrained\">\n<p class=\"has-text-align-center has-large-font-size\"><\/p>\n\n\n\n<div style=\"height:250px\" aria-hidden=\"true\" class=\"wp-block-spacer\"><\/div>\n<\/div><\/div>\n<\/div>\n<\/div>\n\n<p><strong>Descri\u00e7\u00e3o :<\/strong><\/p>\n\n<p class=\"has-text-align-justify\" style=\"margin-top:0;margin-right:0;margin-bottom:0;margin-left:0\">Bem-vindo ao Museu de Arte Moderna de Paris, um centro vibrante de criatividade contempor\u00e2nea. Entre em um mundo onde os limites s\u00e3o desafiados e as express\u00f5es art\u00edsticas assumem novas formas. Explore a cole\u00e7\u00e3o diversificada e din\u00e2mica, com obras de artistas renomados que ultrapassam os limites da arte tradicional. De pinturas abstratas a instala\u00e7\u00f5es imersivas, o museu oferece uma experi\u00eancia imersiva que desperta a curiosidade e provoca o pensamento. Envolva-se com o cen\u00e1rio art\u00edstico em constante evolu\u00e7\u00e3o ao descobrir talentos emergentes e testemunhar o pulso da arte moderna. O Museu de Arte Moderna \u00e9 um para\u00edso para aqueles que buscam experi\u00eancias art\u00edsticas inovadoras, instigantes e de ponta.     <\/p>\n\n<p><strong>Link :<\/strong> <a href=\"https:\/\/www.mam.paris.fr\/\" target=\"_blank\" rel=\"noopener\">website<\/a><\/p>\n\n<div style=\"width: 100%; height: 400px;\">\n  <iframe src=\"https:\/\/www.google.com\/maps?q=Musee+Art+Moderne,+Paris&#038;output=embed\" frameborder=\"0\" style=\"border:0; width: 100%; height: 100%;\" allowfullscreen=\"\"><\/iframe>\n<\/div>\n\n<div style=\"height:50px\" aria-hidden=\"true\" class=\"wp-block-spacer\"><\/div>\n","protected":false},"excerpt":{"rendered":"<p>Museu : Arte Moderna Algo especial : Jantar no terra\u00e7o Hor\u00e1rio : Todos os dias, exceto segunda-feira, das 10:00 \u00e0s 18:00 horas Do hotel: 3,6 km \u2013 46 minutos a p\u00e9 ou 25 minutos de \u00f4nibus 63 de \u201cSeine Buci\u201d at\u00e9 \u201cI\u00e9na\u201d Endere\u00e7o : 11 avenue du Pr\u00e9sident Wilson, 75116 Paris Descri\u00e7\u00e3o : Bem-vindo ao [&hellip;]<\/p>\n","protected":false},"author":1,"featured_media":24420,"comment_status":"closed","ping_status":"closed","sticky":false,"template":"post-musees","format":"standard","meta":{"footnotes":""},"categories":[411],"tags":[],"class_list":["post-8853","post","type-post","status-publish","format-standard","has-post-thumbnail","hentry","category-museus-pt-pt"],"_links":{"self":[{"href":"https:\/\/www.odeonhotel.fr\/pt-pt\/wp-json\/wp\/v2\/posts\/8853","targetHints":{"allow":["GET"]}}],"collection":[{"href":"https:\/\/www.odeonhotel.fr\/pt-pt\/wp-json\/wp\/v2\/posts"}],"about":[{"href":"https:\/\/www.odeonhotel.fr\/pt-pt\/wp-json\/wp\/v2\/types\/post"}],"author":[{"embeddable":true,"href":"https:\/\/www.odeonhotel.fr\/pt-pt\/wp-json\/wp\/v2\/users\/1"}],"replies":[{"embeddable":true,"href":"https:\/\/www.odeonhotel.fr\/pt-pt\/wp-json\/wp\/v2\/comments?post=8853"}],"version-history":[{"count":3,"href":"https:\/\/www.odeonhotel.fr\/pt-pt\/wp-json\/wp\/v2\/posts\/8853\/revisions"}],"predecessor-version":[{"id":24954,"href":"https:\/\/www.odeonhotel.fr\/pt-pt\/wp-json\/wp\/v2\/posts\/8853\/revisions\/24954"}],"wp:featuredmedia":[{"embeddable":true,"href":"https:\/\/www.odeonhotel.fr\/pt-pt\/wp-json\/wp\/v2\/media\/24420"}],"wp:attachment":[{"href":"https:\/\/www.odeonhotel.fr\/pt-pt\/wp-json\/wp\/v2\/media?parent=8853"}],"wp:term":[{"taxonomy":"category","embeddable":true,"href":"https:\/\/www.odeonhotel.fr\/pt-pt\/wp-json\/wp\/v2\/categories?post=8853"},{"taxonomy":"post_tag","embeddable":true,"href":"https:\/\/www.odeonhotel.fr\/pt-pt\/wp-json\/wp\/v2\/tags?post=8853"}],"curies":[{"name":"wp","href":"https:\/\/api.w.org\/{rel}","templated":true}]}}