{"id":8973,"date":"2016-05-12T13:48:31","date_gmt":"2016-05-12T11:48:31","guid":{"rendered":"http:\/\/www.laperle.tess5418.odns.fr\/sem-categoria\/bon-marche\/"},"modified":"2026-01-16T17:12:33","modified_gmt":"2026-01-16T16:12:33","slug":"bon-marche","status":"publish","type":"post","link":"https:\/\/www.odeonhotel.fr\/pt-pt\/shopping-pt-pt\/bon-marche\/","title":{"rendered":"Bon March\u00e9"},"content":{"rendered":"\n<div class=\"wp-block-columns is-layout-flex wp-container-core-columns-is-layout-d0b3c9c8 wp-block-columns-is-layout-flex\">\n<div class=\"wp-block-column is-layout-flow wp-block-column-is-layout-flow\" style=\"--col-width:33.33%;flex-basis:33.33%\">\n<p><strong>Loja:<\/strong><\/p>\n\n\n\n<p style=\"margin-top:0;margin-right:0;margin-bottom:0;margin-left:0\">Loja de departamentos<\/p>\n\n\n\n<p><strong>Algo especial :<\/strong><\/p>\n\n\n\n<p style=\"margin-top:0;margin-right:0;margin-bottom:0;margin-left:0\">Todas as marcas<\/p>\n\n\n\n<p><strong>Hor\u00e1rio :<\/strong> <\/p>\n\n\n\n<p style=\"margin-top:0;margin-right:0;margin-bottom:0;margin-left:0\">Todos os dias, das 10:00 \u00e0s 20:00 horas<\/p>\n\n\n\n<p><strong>Do hotel:<\/strong><\/p>\n\n\n\n<p style=\"margin-top:0;margin-right:0;margin-bottom:0;margin-left:0\">1.300 metros \u2013 Cerca de 17 minutos a p\u00e9<br\/><\/p>\n\n\n\n<p><strong>Endere\u00e7o :<\/strong><\/p>\n\n\n\n<p style=\"margin-top:0;margin-right:0;margin-bottom:0;margin-left:0\">24 rue de S\u00e8vres 75007 Paris<\/p>\n<\/div>\n\n\n\n<div class=\"wp-block-column is-layout-flow wp-block-column-is-layout-flow\" style=\"--col-width:66.66%;flex-basis:66.66%\">\n<div class=\"wp-block-cover is-light is-style-tw-border-inner\" style=\"min-height:100%;aspect-ratio:unset;\"><img decoding=\"async\" width=\"932\" height=\"582\" sizes=\"(max-width: 799px) 200vw, (max-width: 932px) 100vw, 932px\" class=\"wp-block-cover__image-background wp-image-15541\" alt=\"\" src=\"http:\/\/odeonhotel.fr\/wp-content\/uploads\/2023\/10\/Bon-marche-jpg.webp\" data-object-fit=\"cover\" title=\"\" srcset=\"https:\/\/www.odeonhotel.fr\/wp-content\/uploads\/2023\/10\/Bon-marche-jpg.webp 932w, https:\/\/www.odeonhotel.fr\/wp-content\/uploads\/2023\/10\/Bon-marche-300x187.webp 300w, https:\/\/www.odeonhotel.fr\/wp-content\/uploads\/2023\/10\/Bon-marche-768x480.webp 768w\" \/><span aria-hidden=\"true\" class=\"wp-block-cover__background has-background-dim-0 has-background-dim\"><\/span><div class=\"wp-block-cover__inner-container has-global-padding is-layout-constrained wp-block-cover-is-layout-constrained\">\n<p class=\"has-text-align-center has-large-font-size\"><\/p>\n\n\n\n<div style=\"height:250px\" aria-hidden=\"true\" class=\"wp-block-spacer\"><\/div>\n<\/div><\/div>\n<\/div>\n<\/div>\n\n<p><strong>Descri\u00e7\u00e3o :<\/strong><\/p>\n\n<p class=\"has-text-align-justify\" style=\"margin-top:0;margin-right:0;margin-bottom:0;margin-left:0\">O Bon March\u00e9 em Paris \u00e9 uma lend\u00e1ria loja de departamentos que tem sido um s\u00edmbolo de eleg\u00e2ncia e luxo desde sua funda\u00e7\u00e3o em 1852. Situada no vibrante bairro de Saint-Germain-des-Pr\u00e9s, ela oferece uma experi\u00eancia de compras refinada em um espa\u00e7o amplo. Conhecido por sua excepcional sele\u00e7\u00e3o de moda de grife, produtos de beleza, decora\u00e7\u00e3o para casa e comida gourmet, o Bon March\u00e9 atende a gostos exigentes. Sua arquitetura grandiosa e o impressionante telhado de vidro Art Nouveau contribuem para o fasc\u00ednio, enquanto as vitrines com curadoria especializada e o servi\u00e7o atencioso da loja criam uma atmosfera de sofistica\u00e7\u00e3o. Com sua rica heran\u00e7a e compromisso com a excel\u00eancia, o Bon March\u00e9 continua sendo um destino para o comprador refinado em Paris.    <\/p>\n\n<p><strong>Link<\/strong> : <a href=\"https:\/\/www.lebonmarche.com\/\" target=\"_blank\" rel=\"noopener\">website<\/a><\/p>\n\n<div style=\"width: 100%; height: 400px;\">\n  <iframe width=\"100%\" height=\"100%\" frameborder=\"0\" scrolling=\"no\" marginheight=\"0\" marginwidth=\"0\" src=\"https:\/\/www.google.com\/maps?q=Le+Bon+March%C3%A9+Paris&#038;output=embed\" aria-label=\"Le Bon March\u00e9 location\" title=\"Localiza\u00e7\u00e3o do Bon March\u00e9\"><\/iframe>\n<\/div>\n\n<div style=\"height:50px\" aria-hidden=\"true\" class=\"wp-block-spacer\"><\/div>\n","protected":false},"excerpt":{"rendered":"<p>Loja: Loja de departamentos Algo especial : Todas as marcas Hor\u00e1rio : Todos os dias, das 10:00 \u00e0s 20:00 horas Do hotel: 1.300 metros \u2013 Cerca de 17 minutos a p\u00e9 Endere\u00e7o : 24 rue de S\u00e8vres 75007 Paris Descri\u00e7\u00e3o : O Bon March\u00e9 em Paris \u00e9 uma lend\u00e1ria loja de departamentos que tem sido [&hellip;]<\/p>\n","protected":false},"author":1,"featured_media":24796,"comment_status":"closed","ping_status":"closed","sticky":false,"template":"post-shopping","format":"standard","meta":{"footnotes":""},"categories":[439],"tags":[],"class_list":["post-8973","post","type-post","status-publish","format-standard","has-post-thumbnail","hentry","category-shopping-pt-pt"],"_links":{"self":[{"href":"https:\/\/www.odeonhotel.fr\/pt-pt\/wp-json\/wp\/v2\/posts\/8973","targetHints":{"allow":["GET"]}}],"collection":[{"href":"https:\/\/www.odeonhotel.fr\/pt-pt\/wp-json\/wp\/v2\/posts"}],"about":[{"href":"https:\/\/www.odeonhotel.fr\/pt-pt\/wp-json\/wp\/v2\/types\/post"}],"author":[{"embeddable":true,"href":"https:\/\/www.odeonhotel.fr\/pt-pt\/wp-json\/wp\/v2\/users\/1"}],"replies":[{"embeddable":true,"href":"https:\/\/www.odeonhotel.fr\/pt-pt\/wp-json\/wp\/v2\/comments?post=8973"}],"version-history":[{"count":3,"href":"https:\/\/www.odeonhotel.fr\/pt-pt\/wp-json\/wp\/v2\/posts\/8973\/revisions"}],"predecessor-version":[{"id":25201,"href":"https:\/\/www.odeonhotel.fr\/pt-pt\/wp-json\/wp\/v2\/posts\/8973\/revisions\/25201"}],"wp:featuredmedia":[{"embeddable":true,"href":"https:\/\/www.odeonhotel.fr\/pt-pt\/wp-json\/wp\/v2\/media\/24796"}],"wp:attachment":[{"href":"https:\/\/www.odeonhotel.fr\/pt-pt\/wp-json\/wp\/v2\/media?parent=8973"}],"wp:term":[{"taxonomy":"category","embeddable":true,"href":"https:\/\/www.odeonhotel.fr\/pt-pt\/wp-json\/wp\/v2\/categories?post=8973"},{"taxonomy":"post_tag","embeddable":true,"href":"https:\/\/www.odeonhotel.fr\/pt-pt\/wp-json\/wp\/v2\/tags?post=8973"}],"curies":[{"name":"wp","href":"https:\/\/api.w.org\/{rel}","templated":true}]}}